{"id":1040,"date":"2021-12-01T20:56:00","date_gmt":"2021-12-01T19:56:00","guid":{"rendered":"https:\/\/voilierkribi.fr\/?p=1040"},"modified":"2025-05-22T08:06:54","modified_gmt":"2025-05-22T06:06:54","slug":"edel-660","status":"publish","type":"post","link":"https:\/\/voilierkribi.fr\/index.php\/2021\/12\/01\/edel-660\/","title":{"rendered":"Edel 660"},"content":{"rendered":"<span class=\"span-reading-time rt-reading-time\" style=\"display: block;\"><span class=\"rt-label rt-prefix\">Temps de lecture\u00a0: <\/span> <span class=\"rt-time\"> &lt;\u00a01<\/span> <span class=\"rt-label rt-postfix\">minute<\/span><\/span>\n<p>Kribi est un petit croiseur du chantier fran\u00e7ais Edel aujourd&rsquo;hui disparu. C&rsquo;est un mod\u00e8le Edel 660 (aussi appel\u00e9 Edel 6 ou 665) qui mesure 6,65m.<\/p>\n\n\n\n<p>L&rsquo;Edel 660 est fabriqu\u00e9 en polyester : il a \u00e9t\u00e9 produit de 1975 \u00e0 1984 \u00e0 900 exemplaires environ ce qui en fait un  succ\u00e8s consid\u00e9rable.<\/p>\n\n\n\n<p> 40 ans plus tard, on en trouve encore de tr\u00e8s nombreux exemplaires en circulation et comme beaucoup de bateaux produits par le chantier Edel, il reste tr\u00e8s appr\u00e9ci\u00e9 pour sa durabilit\u00e9, ses qualit\u00e9s marines et ses am\u00e9nagements.<\/p>\n\n\n\n<figure class=\"wp-block-image size-full\"><img loading=\"lazy\" decoding=\"async\" width=\"430\" height=\"617\" src=\"https:\/\/voilierkribi.fr\/wp-content\/uploads\/2023\/03\/Edel6-plan-voilures-1.png\" alt=\"\" class=\"wp-image-1164\" srcset=\"https:\/\/voilierkribi.fr\/wp-content\/uploads\/2023\/03\/Edel6-plan-voilures-1.png 430w, https:\/\/voilierkribi.fr\/wp-content\/uploads\/2023\/03\/Edel6-plan-voilures-1-209x300.png 209w\" sizes=\"auto, (max-width: 430px) 100vw, 430px\" \/><\/figure>\n\n\n\n<p>Con\u00e7u pour accueillir jusqu&rsquo;\u00e0 5 personnes, il embarque des innovations remarquables  pour l&rsquo;\u00e9poque comme son pavillon relevable qui fait passer la hauteur sous barrots de 1m45 \u00e0 1m80 ce qui permet aux personnes pas trop grandes de tenir debout dans la cabine.<\/p>\n\n\n\n<figure class=\"wp-block-image size-full\"><img loading=\"lazy\" decoding=\"async\" width=\"640\" height=\"253\" src=\"https:\/\/voilierkribi.fr\/wp-content\/uploads\/2023\/03\/Edel6-amenagement-pte.png\" alt=\"\" class=\"wp-image-1166\" srcset=\"https:\/\/voilierkribi.fr\/wp-content\/uploads\/2023\/03\/Edel6-amenagement-pte.png 640w, https:\/\/voilierkribi.fr\/wp-content\/uploads\/2023\/03\/Edel6-amenagement-pte-300x119.png 300w\" sizes=\"auto, (max-width: 640px) 100vw, 640px\" \/><\/figure>\n\n\n\n<h3 class=\"wp-block-heading\">Caract\u00e9ristiques techniques<\/h3>\n\n\n\n<figure class=\"wp-block-table is-style-stripes\"><table><tbody><tr><td>Architecte<\/td><td>Maurice Edel<\/td><\/tr><tr><td>Ann\u00e9es de construction<\/td><td>1975~1984<\/td><\/tr><tr><td>Nombre d\u2019unit\u00e9s<\/td><td>900<\/td><\/tr><tr><td>Longueur de coque<\/td><td>6,65 m<\/td><\/tr><tr><td>Ma\u00eetre bau<\/td><td>2,50 m<\/td><\/tr><tr><td>Tirant d\u2019eau<\/td><td>1,00 m<\/td><\/tr><tr><td>Tirant d\u2019air<\/td><td>9,07 m<\/td><\/tr><tr><td>Poids \u00e0 vide<\/td><td>1100 kg<\/td><\/tr><tr><td>Lest<\/td><td>400 kg<\/td><\/tr><tr><td>Hauteur sous barrots<\/td><td>1,45 m ~ 1,80 m<\/td><\/tr><tr><td>Surface de voile<\/td><td>26,45 m2<\/td><\/tr><tr><td>Grand voile<\/td><td>11,25 m2<\/td><\/tr><tr><td>G\u00e9nois<\/td><td>15.20 m2<\/td><\/tr><tr><td>Spinnaker<\/td><td>34 m2<\/td><\/tr><\/tbody><\/table><\/figure>\n\n\n\n<ul class=\"wp-block-list\">\n<li><a href=\"https:\/\/www.ffvoile.fr\/ffv\/web\/pratique\/habitable\/OSIRIS\/table.aspx?matricule=179\">Table des \u00e9l\u00e9ments de jauge OSIRIS<\/a><\/li>\n\n\n\n<li><a href=\"https:\/\/www.yachtdatabase.com\/fr\/review.jsp?id=Edel+660&amp;bt=Edel+660\">Page Edel 6 sur YachtDatabase<\/a><\/li>\n<\/ul>\n\n\n\n<p><\/p>\n","protected":false},"excerpt":{"rendered":"<p><span class=\"span-reading-time rt-reading-time\" style=\"display: block;\"><span class=\"rt-label rt-prefix\">Temps de lecture\u00a0: <\/span> <span class=\"rt-time\"> &lt;\u00a01<\/span> <span class=\"rt-label rt-postfix\">minute<\/span><\/span>Kribi est un petit croiseur du chantier fran\u00e7ais Edel aujourd&rsquo;hui disparu. C&rsquo;est un mod\u00e8le Edel 660 (aussi appel\u00e9 Edel 6 ou 665) qui mesure 6,65m. &hellip; <\/p>\n","protected":false},"author":1,"featured_media":1618,"comment_status":"open","ping_status":"closed","sticky":false,"template":"","format":"standard","meta":{"advgb_blocks_editor_width":"","advgb_blocks_columns_visual_guide":"","footnotes":""},"categories":[30],"tags":[],"class_list":["post-1040","post","type-post","status-publish","format-standard","has-post-thumbnail","hentry","category-static"],"author_meta":{"display_name":"Jean","author_link":"https:\/\/voilierkribi.fr\/index.php\/author\/admin7450\/"},"featured_img":"https:\/\/voilierkribi.fr\/wp-content\/uploads\/2021\/12\/Rounded_20230516_172645-300x115.png","coauthors":[],"tax_additional":{"categories":{"linked":["<a href=\"https:\/\/voilierkribi.fr\/index.php\/category\/static\/\" class=\"advgb-post-tax-term\">static<\/a>"],"unlinked":["<span class=\"advgb-post-tax-term\">static<\/span>"]}},"comment_count":"0","relative_dates":{"created":"Publi\u00e9 4 ans il y a","modified":"Mis \u00e0 jour 11 mois il y a"},"absolute_dates":{"created":"Publi\u00e9 le 1 d\u00e9cembre 2021","modified":"Mise \u00e0 jour le 22 mai 2025"},"absolute_dates_time":{"created":"Publi\u00e9 le 1 d\u00e9cembre 2021 20h56","modified":"Mise \u00e0 jour le 22 mai 2025 8h06"},"featured_img_caption":"","series_order":"","_links":{"self":[{"href":"https:\/\/voilierkribi.fr\/index.php\/wp-json\/wp\/v2\/posts\/1040","targetHints":{"allow":["GET"]}}],"collection":[{"href":"https:\/\/voilierkribi.fr\/index.php\/wp-json\/wp\/v2\/posts"}],"about":[{"href":"https:\/\/voilierkribi.fr\/index.php\/wp-json\/wp\/v2\/types\/post"}],"author":[{"embeddable":true,"href":"https:\/\/voilierkribi.fr\/index.php\/wp-json\/wp\/v2\/users\/1"}],"replies":[{"embeddable":true,"href":"https:\/\/voilierkribi.fr\/index.php\/wp-json\/wp\/v2\/comments?post=1040"}],"version-history":[{"count":18,"href":"https:\/\/voilierkribi.fr\/index.php\/wp-json\/wp\/v2\/posts\/1040\/revisions"}],"predecessor-version":[{"id":2302,"href":"https:\/\/voilierkribi.fr\/index.php\/wp-json\/wp\/v2\/posts\/1040\/revisions\/2302"}],"wp:featuredmedia":[{"embeddable":true,"href":"https:\/\/voilierkribi.fr\/index.php\/wp-json\/wp\/v2\/media\/1618"}],"wp:attachment":[{"href":"https:\/\/voilierkribi.fr\/index.php\/wp-json\/wp\/v2\/media?parent=1040"}],"wp:term":[{"taxonomy":"category","embeddable":true,"href":"https:\/\/voilierkribi.fr\/index.php\/wp-json\/wp\/v2\/categories?post=1040"},{"taxonomy":"post_tag","embeddable":true,"href":"https:\/\/voilierkribi.fr\/index.php\/wp-json\/wp\/v2\/tags?post=1040"}],"curies":[{"name":"wp","href":"https:\/\/api.w.org\/{rel}","templated":true}]}}