{"id":1066,"date":"2022-10-01T21:40:00","date_gmt":"2022-10-01T19:40:00","guid":{"rendered":"https:\/\/voilierkribi.fr\/?p=1066"},"modified":"2023-05-20T19:14:48","modified_gmt":"2023-05-20T17:14:48","slug":"mise-a-leau-de-kribi","status":"publish","type":"post","link":"https:\/\/voilierkribi.fr\/index.php\/2022\/10\/01\/mise-a-leau-de-kribi\/","title":{"rendered":"Mise \u00e0 l&rsquo;eau de Kribi"},"content":{"rendered":"<div id=\"ez-toc-container\" class=\"ez-toc-v2_0_82_2 counter-hierarchy ez-toc-counter ez-toc-grey ez-toc-container-direction\">\n<div class=\"ez-toc-title-container\">\n<p class=\"ez-toc-title\" style=\"cursor:inherit\">Table des mati\u00e8res <\/p>\n<span class=\"ez-toc-title-toggle\"><a href=\"#\" class=\"ez-toc-pull-right ez-toc-btn ez-toc-btn-xs ez-toc-btn-default ez-toc-toggle\" aria-label=\"Toggle Table of Content\"><span class=\"ez-toc-js-icon-con\"><span class=\"\"><span class=\"eztoc-hide\" style=\"display:none;\">Toggle<\/span><span class=\"ez-toc-icon-toggle-span\"><svg style=\"fill: #999;color:#999\" xmlns=\"http:\/\/www.w3.org\/2000\/svg\" class=\"list-377408\" width=\"20px\" height=\"20px\" viewBox=\"0 0 24 24\" fill=\"none\"><path d=\"M6 6H4v2h2V6zm14 0H8v2h12V6zM4 11h2v2H4v-2zm16 0H8v2h12v-2zM4 16h2v2H4v-2zm16 0H8v2h12v-2z\" fill=\"currentColor\"><\/path><\/svg><svg style=\"fill: #999;color:#999\" class=\"arrow-unsorted-368013\" xmlns=\"http:\/\/www.w3.org\/2000\/svg\" width=\"10px\" height=\"10px\" viewBox=\"0 0 24 24\" version=\"1.2\" baseProfile=\"tiny\"><path d=\"M18.2 9.3l-6.2-6.3-6.2 6.3c-.2.2-.3.4-.3.7s.1.5.3.7c.2.2.4.3.7.3h11c.3 0 .5-.1.7-.3.2-.2.3-.5.3-.7s-.1-.5-.3-.7zM5.8 14.7l6.2 6.3 6.2-6.3c.2-.2.3-.5.3-.7s-.1-.5-.3-.7c-.2-.2-.4-.3-.7-.3h-11c-.3 0-.5.1-.7.3-.2.2-.3.5-.3.7s.1.5.3.7z\"\/><\/svg><\/span><\/span><\/span><\/a><\/span><\/div>\n<nav><ul class='ez-toc-list ez-toc-list-level-1 ' ><li class='ez-toc-page-1 ez-toc-heading-level-3'><a class=\"ez-toc-link ez-toc-heading-1\" href=\"https:\/\/voilierkribi.fr\/index.php\/2022\/10\/01\/mise-a-leau-de-kribi\/#Le_jour_J\" >Le jour J<\/a><\/li><li class='ez-toc-page-1 ez-toc-heading-level-3'><a class=\"ez-toc-link ez-toc-heading-2\" href=\"https:\/\/voilierkribi.fr\/index.php\/2022\/10\/01\/mise-a-leau-de-kribi\/#Remorquage_du_bateau\" >Remorquage du bateau<\/a><\/li><li class='ez-toc-page-1 ez-toc-heading-level-3'><a class=\"ez-toc-link ez-toc-heading-3\" href=\"https:\/\/voilierkribi.fr\/index.php\/2022\/10\/01\/mise-a-leau-de-kribi\/#Matage_du_bateau\" >Matage du bateau<\/a><\/li><li class='ez-toc-page-1 ez-toc-heading-level-3'><a class=\"ez-toc-link ez-toc-heading-4\" href=\"https:\/\/voilierkribi.fr\/index.php\/2022\/10\/01\/mise-a-leau-de-kribi\/#Mise_a_leau\" >Mise \u00e0 l&rsquo;eau<\/a><\/li><li class='ez-toc-page-1 ez-toc-heading-level-3'><a class=\"ez-toc-link ez-toc-heading-5\" href=\"https:\/\/voilierkribi.fr\/index.php\/2022\/10\/01\/mise-a-leau-de-kribi\/#Direction_le_corps_mort\" >Direction le corps mort<\/a><\/li><li class='ez-toc-page-1 ez-toc-heading-level-3'><a class=\"ez-toc-link ez-toc-heading-6\" href=\"https:\/\/voilierkribi.fr\/index.php\/2022\/10\/01\/mise-a-leau-de-kribi\/#Epilogue\" >\u00c9pilogue<\/a><\/li><\/ul><\/nav><\/div>\n<span class=\"span-reading-time rt-reading-time\" style=\"display: block;\"><span class=\"rt-label rt-prefix\">Temps de lecture\u00a0: <\/span> <span class=\"rt-time\"> 5<\/span> <span class=\"rt-label rt-postfix\">minutes<\/span><\/span>\n<p>Il se sera \u00e9coul\u00e9  pr\u00e8s de 11 mois entre l&rsquo;achat de Kribi et sa  mise \u00e0 l&rsquo;eau, la faute \u00e0 un <a href=\"https:\/\/voilierkribi.fr\/index.php\/2022\/05\/01\/safran-o-mon-safran-premiere-partie-la-depose\/\" data-type=\"post\" data-id=\"423\">safran peu coop\u00e9ratif<\/a>. Retour sur cet \u00e9v\u00e8nement charg\u00e9 d&rsquo;\u00e9motion.<\/p>\n\n\n\n<h3 class=\"wp-block-heading\"><span class=\"ez-toc-section\" id=\"Le_jour_J\"><\/span>Le jour J<span class=\"ez-toc-section-end\"><\/span><\/h3>\n\n\n\n<p>Initialement j&rsquo;esp\u00e9rais mettre le bateau \u00e0 l&rsquo;eau avant l&rsquo;\u00e9t\u00e9 2022 mais cette vision optimiste a \u00e9t\u00e9 balay\u00e9e par les al\u00e9as de la r\u00e9novation du safran. D&rsquo;abord d\u00e9cal\u00e9e \u00e0 ao\u00fbt, puis septembre, la mise \u00e0 l&rsquo;eau est finalement fix\u00e9e au 1er octobre. C&rsquo;est vraiment limite car la saison de voile est quasiment termin\u00e9e et \u00e0 Plobsheim, tous les bateaux doivent \u00eatre sortis de l&rsquo;eau au 1er d\u00e9cembre, ce qui me laissait deux mois pour naviguer. <\/p>\n\n\n\n<p>Le jour J, il fait plut\u00f4t frisquet et c&rsquo;est accompagn\u00e9 de mon fr\u00e8re Eric et de mon fils a\u00een\u00e9 de 9 ans, Xavier,  que je retrouve Ben, un moniteur de mon club qui a gentiment accept\u00e9 de superviser l&rsquo;op\u00e9ration. Son aide sera loin d&rsquo;\u00eatre superflue : non seulement j&rsquo;ai besoin de son v\u00e9hicule pour d\u00e9placer le bateau, mais je ne sais pas non plus comment le mater et encore moins comment manipuler le treuil de mise  \u00e0 l&rsquo;eau de la base.<\/p>\n\n\n\n<h3 class=\"wp-block-heading\"><span class=\"ez-toc-section\" id=\"Remorquage_du_bateau\"><\/span>Remorquage du bateau<span class=\"ez-toc-section-end\"><\/span><\/h3>\n\n\n\n<p>Nous commen\u00e7ons par fixer la remorque \u00e0 la voiture de Ben. C&rsquo;est vite exp\u00e9di\u00e9, tellement vite que je n&rsquo;ai pas compris toutes la manipulations ! Faudra qu&rsquo;on me r\u00e9explique  \u00e7a \u00e0 t\u00eate repos\u00e9e si je veux \u00eatre autonome les prochaines fois.<\/p>\n\n\n\n<p>Ensuite la voiture s&rsquo;\u00e9lance pour un parcours de 150m jusqu&rsquo;\u00e0 la cale de mise \u00e0 l&rsquo;eau. Quelle \u00e9motion ! Lors de mes nombreuses visites pour le nettoyage ou les travaux, j&rsquo;ai toujours vu le bateau au m\u00eame endroit, l\u00e0 m\u00eame ou je l&rsquo;avais achet\u00e9, j&rsquo;en avais preque oubli\u00e9 qu&rsquo;il pouvait bouger !  C&rsquo;est aussi super impressionnant de voir le gabarit de la b\u00eate en mouvement ! <\/p>\n\n\n\n<figure class=\"wp-block-image size-full\"><img loading=\"lazy\" decoding=\"async\" width=\"2400\" height=\"1080\" src=\"https:\/\/voilierkribi.fr\/wp-content\/uploads\/2023\/03\/Screenshot_20230302_224932_Cx-File-Explorer.jpg\" alt=\"\" class=\"wp-image-1075\" srcset=\"https:\/\/voilierkribi.fr\/wp-content\/uploads\/2023\/03\/Screenshot_20230302_224932_Cx-File-Explorer.jpg 2400w, https:\/\/voilierkribi.fr\/wp-content\/uploads\/2023\/03\/Screenshot_20230302_224932_Cx-File-Explorer-300x135.jpg 300w, https:\/\/voilierkribi.fr\/wp-content\/uploads\/2023\/03\/Screenshot_20230302_224932_Cx-File-Explorer-1024x461.jpg 1024w, https:\/\/voilierkribi.fr\/wp-content\/uploads\/2023\/03\/Screenshot_20230302_224932_Cx-File-Explorer-768x346.jpg 768w, https:\/\/voilierkribi.fr\/wp-content\/uploads\/2023\/03\/Screenshot_20230302_224932_Cx-File-Explorer-1536x691.jpg 1536w, https:\/\/voilierkribi.fr\/wp-content\/uploads\/2023\/03\/Screenshot_20230302_224932_Cx-File-Explorer-2048x922.jpg 2048w\" sizes=\"auto, (max-width: 2400px) 100vw, 2400px\" \/><\/figure>\n\n\n\n<p>Nous faisons une halte au local du club  pour regonfler les pneus de la remorque qui en ont bien besoin.<\/p>\n\n\n\n<figure class=\"wp-block-image size-large\"><img loading=\"lazy\" decoding=\"async\" width=\"1024\" height=\"461\" src=\"https:\/\/voilierkribi.fr\/wp-content\/uploads\/2023\/03\/Screenshot_20230302_225105_Cx-File-Explorer-1024x461.jpg\" alt=\"\" class=\"wp-image-1076\" srcset=\"https:\/\/voilierkribi.fr\/wp-content\/uploads\/2023\/03\/Screenshot_20230302_225105_Cx-File-Explorer-1024x461.jpg 1024w, https:\/\/voilierkribi.fr\/wp-content\/uploads\/2023\/03\/Screenshot_20230302_225105_Cx-File-Explorer-300x135.jpg 300w, https:\/\/voilierkribi.fr\/wp-content\/uploads\/2023\/03\/Screenshot_20230302_225105_Cx-File-Explorer-768x346.jpg 768w, https:\/\/voilierkribi.fr\/wp-content\/uploads\/2023\/03\/Screenshot_20230302_225105_Cx-File-Explorer-1536x691.jpg 1536w, https:\/\/voilierkribi.fr\/wp-content\/uploads\/2023\/03\/Screenshot_20230302_225105_Cx-File-Explorer-2048x922.jpg 2048w\" sizes=\"auto, (max-width: 1024px) 100vw, 1024px\" \/><\/figure>\n\n\n\n<figure class=\"wp-block-image size-large\"><img loading=\"lazy\" decoding=\"async\" width=\"1024\" height=\"461\" src=\"https:\/\/voilierkribi.fr\/wp-content\/uploads\/2023\/03\/Screenshot_20230302_225133_Cx-File-Explorer-1024x461.jpg\" alt=\"\" class=\"wp-image-1078\" srcset=\"https:\/\/voilierkribi.fr\/wp-content\/uploads\/2023\/03\/Screenshot_20230302_225133_Cx-File-Explorer-1024x461.jpg 1024w, https:\/\/voilierkribi.fr\/wp-content\/uploads\/2023\/03\/Screenshot_20230302_225133_Cx-File-Explorer-300x135.jpg 300w, https:\/\/voilierkribi.fr\/wp-content\/uploads\/2023\/03\/Screenshot_20230302_225133_Cx-File-Explorer-768x346.jpg 768w, https:\/\/voilierkribi.fr\/wp-content\/uploads\/2023\/03\/Screenshot_20230302_225133_Cx-File-Explorer-1536x691.jpg 1536w, https:\/\/voilierkribi.fr\/wp-content\/uploads\/2023\/03\/Screenshot_20230302_225133_Cx-File-Explorer-2048x922.jpg 2048w\" sizes=\"auto, (max-width: 1024px) 100vw, 1024px\" \/><\/figure>\n\n\n\n<p>Ensuite,  Ben positionne la remorque pr\u00e8s de la grue de la base. <\/p>\n\n\n\n<figure class=\"wp-block-image size-large\"><img loading=\"lazy\" decoding=\"async\" width=\"667\" height=\"1024\" src=\"https:\/\/voilierkribi.fr\/wp-content\/uploads\/2023\/03\/Screenshot_20230302_231111_Cx-File-Explorer-667x1024.jpg\" alt=\"\" class=\"wp-image-1079\" srcset=\"https:\/\/voilierkribi.fr\/wp-content\/uploads\/2023\/03\/Screenshot_20230302_231111_Cx-File-Explorer-667x1024.jpg 667w, https:\/\/voilierkribi.fr\/wp-content\/uploads\/2023\/03\/Screenshot_20230302_231111_Cx-File-Explorer-195x300.jpg 195w, https:\/\/voilierkribi.fr\/wp-content\/uploads\/2023\/03\/Screenshot_20230302_231111_Cx-File-Explorer-768x1180.jpg 768w, https:\/\/voilierkribi.fr\/wp-content\/uploads\/2023\/03\/Screenshot_20230302_231111_Cx-File-Explorer-1000x1536.jpg 1000w, https:\/\/voilierkribi.fr\/wp-content\/uploads\/2023\/03\/Screenshot_20230302_231111_Cx-File-Explorer.jpg 1080w\" sizes=\"auto, (max-width: 667px) 100vw, 667px\" \/><\/figure>\n\n\n\n<h3 class=\"wp-block-heading\"><span class=\"ez-toc-section\" id=\"Matage_du_bateau\"><\/span>Matage du bateau<span class=\"ez-toc-section-end\"><\/span><\/h3>\n\n\n\n<p>Nous lib\u00e9rons le m\u00e2t et fixons les bas haubans ainsi que l&rsquo;\u00e9tai.  Ensuite Ben fait un  noeud de chaise avec un bout au niveau de la fl\u00e8che de m\u00e2t et attache le bout au c\u00e2ble de la grue.<\/p>\n\n\n\n<div class=\"wp-block-group is-content-justification-center is-nowrap is-layout-flex wp-container-core-group-is-layout-94bc23d7 wp-block-group-is-layout-flex\">\n<figure class=\"wp-block-image size-large is-resized\"><img decoding=\"async\" src=\"https:\/\/voilierkribi.fr\/wp-content\/uploads\/2023\/03\/Screenshot_20230302_225358_Cx-File-Explorer-461x1024.jpg\" alt=\"\" class=\"wp-image-1082\" height=\"600\" srcset=\"https:\/\/voilierkribi.fr\/wp-content\/uploads\/2023\/03\/Screenshot_20230302_225358_Cx-File-Explorer-461x1024.jpg 461w, https:\/\/voilierkribi.fr\/wp-content\/uploads\/2023\/03\/Screenshot_20230302_225358_Cx-File-Explorer-135x300.jpg 135w, https:\/\/voilierkribi.fr\/wp-content\/uploads\/2023\/03\/Screenshot_20230302_225358_Cx-File-Explorer-768x1707.jpg 768w, https:\/\/voilierkribi.fr\/wp-content\/uploads\/2023\/03\/Screenshot_20230302_225358_Cx-File-Explorer-691x1536.jpg 691w, https:\/\/voilierkribi.fr\/wp-content\/uploads\/2023\/03\/Screenshot_20230302_225358_Cx-File-Explorer-922x2048.jpg 922w, https:\/\/voilierkribi.fr\/wp-content\/uploads\/2023\/03\/Screenshot_20230302_225358_Cx-File-Explorer.jpg 1080w\" sizes=\"(max-width: 461px) 100vw, 461px\" \/><\/figure>\n\n\n\n<figure class=\"wp-block-image size-large is-resized\"><img decoding=\"async\" src=\"https:\/\/voilierkribi.fr\/wp-content\/uploads\/2023\/03\/Screenshot_20230302_225246_Cx-File-Explorer-461x1024.jpg\" alt=\"\" class=\"wp-image-1081\" height=\"600\" srcset=\"https:\/\/voilierkribi.fr\/wp-content\/uploads\/2023\/03\/Screenshot_20230302_225246_Cx-File-Explorer-461x1024.jpg 461w, https:\/\/voilierkribi.fr\/wp-content\/uploads\/2023\/03\/Screenshot_20230302_225246_Cx-File-Explorer-135x300.jpg 135w, https:\/\/voilierkribi.fr\/wp-content\/uploads\/2023\/03\/Screenshot_20230302_225246_Cx-File-Explorer-768x1707.jpg 768w, https:\/\/voilierkribi.fr\/wp-content\/uploads\/2023\/03\/Screenshot_20230302_225246_Cx-File-Explorer-691x1536.jpg 691w, https:\/\/voilierkribi.fr\/wp-content\/uploads\/2023\/03\/Screenshot_20230302_225246_Cx-File-Explorer-922x2048.jpg 922w, https:\/\/voilierkribi.fr\/wp-content\/uploads\/2023\/03\/Screenshot_20230302_225246_Cx-File-Explorer.jpg 1080w\" sizes=\"(max-width: 461px) 100vw, 461px\" \/><\/figure>\n<\/div>\n\n\n\n<p>Mon fr\u00e8re actionne les boutons de la grue pour soulever progressivement le m\u00e2t, et nous nous assurons qu&rsquo;il n&rsquo;y a pas de noeud ou d&rsquo;\u00e9l\u00e9ment qui bloquerait la manoeuvre.<\/p>\n\n\n\n<p>Sur ses indications de Ben, je glisse le pied de m\u00e2t dans son support. <\/p>\n\n\n\n<figure class=\"wp-block-image size-large\"><img loading=\"lazy\" decoding=\"async\" width=\"1024\" height=\"600\" src=\"https:\/\/voilierkribi.fr\/wp-content\/uploads\/2023\/03\/Screenshot_20230302_230012_Cx-File-Explorer-1024x600.jpg\" alt=\"\" class=\"wp-image-1083\" srcset=\"https:\/\/voilierkribi.fr\/wp-content\/uploads\/2023\/03\/Screenshot_20230302_230012_Cx-File-Explorer-1024x600.jpg 1024w, https:\/\/voilierkribi.fr\/wp-content\/uploads\/2023\/03\/Screenshot_20230302_230012_Cx-File-Explorer-300x176.jpg 300w, https:\/\/voilierkribi.fr\/wp-content\/uploads\/2023\/03\/Screenshot_20230302_230012_Cx-File-Explorer-768x450.jpg 768w, https:\/\/voilierkribi.fr\/wp-content\/uploads\/2023\/03\/Screenshot_20230302_230012_Cx-File-Explorer-1536x899.jpg 1536w, https:\/\/voilierkribi.fr\/wp-content\/uploads\/2023\/03\/Screenshot_20230302_230012_Cx-File-Explorer.jpg 1812w\" sizes=\"auto, (max-width: 1024px) 100vw, 1024px\" \/><\/figure>\n\n\n\n<p>Il ne reste plus qu&rsquo;\u00e0 faire redescendre le c\u00e2ble de la grue et \u00e0 retirer le bout.<\/p>\n\n\n\n<figure class=\"wp-block-image size-large is-resized\"><img decoding=\"async\" src=\"https:\/\/voilierkribi.fr\/wp-content\/uploads\/2023\/03\/Screenshot_20230302_230003_Cx-File-Explorer-637x1024.jpg\" alt=\"\" class=\"wp-image-1080\" height=\"600\" srcset=\"https:\/\/voilierkribi.fr\/wp-content\/uploads\/2023\/03\/Screenshot_20230302_230003_Cx-File-Explorer-637x1024.jpg 637w, https:\/\/voilierkribi.fr\/wp-content\/uploads\/2023\/03\/Screenshot_20230302_230003_Cx-File-Explorer-187x300.jpg 187w, https:\/\/voilierkribi.fr\/wp-content\/uploads\/2023\/03\/Screenshot_20230302_230003_Cx-File-Explorer-768x1235.jpg 768w, https:\/\/voilierkribi.fr\/wp-content\/uploads\/2023\/03\/Screenshot_20230302_230003_Cx-File-Explorer-955x1536.jpg 955w, https:\/\/voilierkribi.fr\/wp-content\/uploads\/2023\/03\/Screenshot_20230302_230003_Cx-File-Explorer.jpg 1073w\" sizes=\"(max-width: 637px) 100vw, 637px\" \/><\/figure>\n\n\n\n<p> Nous fixons les haubans et r\u00e9glons la tension des ridoirs et le tour est jou\u00e9.<\/p>\n\n\n\n<h3 class=\"wp-block-heading\"><span class=\"ez-toc-section\" id=\"Mise_a_leau\"><\/span>Mise \u00e0 l&rsquo;eau<span class=\"ez-toc-section-end\"><\/span><\/h3>\n\n\n\n<p>Je fais une v\u00e9rification des passe-coque de Kribi pour m&rsquo;assurer qu&rsquo;ils sont bien ferm\u00e9s et je mets en place des pare-battages pour prot\u00e9ger le bord du bateau qui sera en contact avec le quai. Je pr\u00e9pare aussi des aussi\u00e8res pour pouvoir retenir le bateau une fois que celui-ci flottera sur l&rsquo;eau.<\/p>\n\n\n\n<figure class=\"wp-block-image size-large\"><img loading=\"lazy\" decoding=\"async\" width=\"1024\" height=\"461\" src=\"https:\/\/voilierkribi.fr\/wp-content\/uploads\/2023\/03\/Screenshot_20230302_225526_Cx-File-Explorer-1024x461.jpg\" alt=\"\" class=\"wp-image-1084\" srcset=\"https:\/\/voilierkribi.fr\/wp-content\/uploads\/2023\/03\/Screenshot_20230302_225526_Cx-File-Explorer-1024x461.jpg 1024w, https:\/\/voilierkribi.fr\/wp-content\/uploads\/2023\/03\/Screenshot_20230302_225526_Cx-File-Explorer-300x135.jpg 300w, https:\/\/voilierkribi.fr\/wp-content\/uploads\/2023\/03\/Screenshot_20230302_225526_Cx-File-Explorer-768x346.jpg 768w, https:\/\/voilierkribi.fr\/wp-content\/uploads\/2023\/03\/Screenshot_20230302_225526_Cx-File-Explorer-1536x691.jpg 1536w, https:\/\/voilierkribi.fr\/wp-content\/uploads\/2023\/03\/Screenshot_20230302_225526_Cx-File-Explorer-2048x922.jpg 2048w\" sizes=\"auto, (max-width: 1024px) 100vw, 1024px\" \/><\/figure>\n\n\n\n<p>J&rsquo;ai la d\u00e9sagr\u00e9able impression d&rsquo;aller trop vite et d&rsquo;oublier quelque chose d&rsquo;essentiel, c&rsquo;est l&rsquo;angoisse de se lancer \u00e0 l&rsquo;eau (au sens propre) j&rsquo;imagine.<\/p>\n\n\n\n<p>La remorque est positionn\u00e9e en haut de la pente de la cale et nous bloquons les roues avec des cales. Ben d\u00e9tache la remorque de sa voiture qu&rsquo;il va garer plus loin.  Le fiston est promu op\u00e9rateur de treuil et appuie sur le bouton qui permet de d\u00e9rouler le c\u00e2ble. Mon fr\u00e8re et Ben tirent le c\u00e2ble du treuil et le passent dans une \u00e9norme poulie reli\u00e9e \u00e0 une cha\u00eene par une non moins \u00e9norme manille puis ils fixent le c\u00e2ble \u00e0 la remorque.<\/p>\n\n\n\n<figure class=\"wp-block-gallery has-nested-images columns-default is-cropped wp-block-gallery-1 is-layout-flex wp-block-gallery-is-layout-flex\">\n<figure class=\"wp-block-image size-full\"><a href=\"https:\/\/voilierkribi.fr\/wp-content\/uploads\/2023\/03\/Screenshot_20230302_225605_Cx-File-Explorer.jpg\"><img loading=\"lazy\" decoding=\"async\" width=\"2400\" height=\"1080\" data-id=\"1085\" src=\"https:\/\/voilierkribi.fr\/wp-content\/uploads\/2023\/03\/Screenshot_20230302_225605_Cx-File-Explorer.jpg\" alt=\"\" class=\"wp-image-1085\" srcset=\"https:\/\/voilierkribi.fr\/wp-content\/uploads\/2023\/03\/Screenshot_20230302_225605_Cx-File-Explorer.jpg 2400w, https:\/\/voilierkribi.fr\/wp-content\/uploads\/2023\/03\/Screenshot_20230302_225605_Cx-File-Explorer-300x135.jpg 300w, https:\/\/voilierkribi.fr\/wp-content\/uploads\/2023\/03\/Screenshot_20230302_225605_Cx-File-Explorer-1024x461.jpg 1024w, https:\/\/voilierkribi.fr\/wp-content\/uploads\/2023\/03\/Screenshot_20230302_225605_Cx-File-Explorer-768x346.jpg 768w, https:\/\/voilierkribi.fr\/wp-content\/uploads\/2023\/03\/Screenshot_20230302_225605_Cx-File-Explorer-1536x691.jpg 1536w, https:\/\/voilierkribi.fr\/wp-content\/uploads\/2023\/03\/Screenshot_20230302_225605_Cx-File-Explorer-2048x922.jpg 2048w\" sizes=\"auto, (max-width: 2400px) 100vw, 2400px\" \/><\/a><\/figure>\n\n\n\n<figure class=\"wp-block-image size-full\"><a href=\"https:\/\/voilierkribi.fr\/wp-content\/uploads\/2023\/03\/Screenshot_20230302_225949_Cx-File-Explorer.jpg\"><img loading=\"lazy\" decoding=\"async\" width=\"1808\" height=\"1080\" data-id=\"1087\" src=\"https:\/\/voilierkribi.fr\/wp-content\/uploads\/2023\/03\/Screenshot_20230302_225949_Cx-File-Explorer.jpg\" alt=\"\" class=\"wp-image-1087\" srcset=\"https:\/\/voilierkribi.fr\/wp-content\/uploads\/2023\/03\/Screenshot_20230302_225949_Cx-File-Explorer.jpg 1808w, https:\/\/voilierkribi.fr\/wp-content\/uploads\/2023\/03\/Screenshot_20230302_225949_Cx-File-Explorer-300x179.jpg 300w, https:\/\/voilierkribi.fr\/wp-content\/uploads\/2023\/03\/Screenshot_20230302_225949_Cx-File-Explorer-1024x612.jpg 1024w, https:\/\/voilierkribi.fr\/wp-content\/uploads\/2023\/03\/Screenshot_20230302_225949_Cx-File-Explorer-768x459.jpg 768w, https:\/\/voilierkribi.fr\/wp-content\/uploads\/2023\/03\/Screenshot_20230302_225949_Cx-File-Explorer-1536x918.jpg 1536w, https:\/\/voilierkribi.fr\/wp-content\/uploads\/2023\/03\/Screenshot_20230302_225949_Cx-File-Explorer-445x265.jpg 445w\" sizes=\"auto, (max-width: 1808px) 100vw, 1808px\" \/><\/a><\/figure>\n\n\n\n<figure class=\"wp-block-image size-full\"><a href=\"https:\/\/voilierkribi.fr\/wp-content\/uploads\/2023\/03\/Screenshot_20230302_225723_Cx-File-Explorer.jpg\"><img loading=\"lazy\" decoding=\"async\" width=\"1587\" height=\"901\" data-id=\"1086\" src=\"https:\/\/voilierkribi.fr\/wp-content\/uploads\/2023\/03\/Screenshot_20230302_225723_Cx-File-Explorer.jpg\" alt=\"\" class=\"wp-image-1086\" srcset=\"https:\/\/voilierkribi.fr\/wp-content\/uploads\/2023\/03\/Screenshot_20230302_225723_Cx-File-Explorer.jpg 1587w, https:\/\/voilierkribi.fr\/wp-content\/uploads\/2023\/03\/Screenshot_20230302_225723_Cx-File-Explorer-300x170.jpg 300w, https:\/\/voilierkribi.fr\/wp-content\/uploads\/2023\/03\/Screenshot_20230302_225723_Cx-File-Explorer-1024x581.jpg 1024w, https:\/\/voilierkribi.fr\/wp-content\/uploads\/2023\/03\/Screenshot_20230302_225723_Cx-File-Explorer-768x436.jpg 768w, https:\/\/voilierkribi.fr\/wp-content\/uploads\/2023\/03\/Screenshot_20230302_225723_Cx-File-Explorer-1536x872.jpg 1536w\" sizes=\"auto, (max-width: 1587px) 100vw, 1587px\" \/><\/a><\/figure>\n\n\n\n<figure class=\"wp-block-image size-full\"><img loading=\"lazy\" decoding=\"async\" width=\"1850\" height=\"1080\" data-id=\"1096\" src=\"https:\/\/voilierkribi.fr\/wp-content\/uploads\/2023\/03\/Screenshot_20230303_082452_Cx-File-Explorer.jpg\" alt=\"\" class=\"wp-image-1096\" srcset=\"https:\/\/voilierkribi.fr\/wp-content\/uploads\/2023\/03\/Screenshot_20230303_082452_Cx-File-Explorer.jpg 1850w, https:\/\/voilierkribi.fr\/wp-content\/uploads\/2023\/03\/Screenshot_20230303_082452_Cx-File-Explorer-300x175.jpg 300w, https:\/\/voilierkribi.fr\/wp-content\/uploads\/2023\/03\/Screenshot_20230303_082452_Cx-File-Explorer-1024x598.jpg 1024w, https:\/\/voilierkribi.fr\/wp-content\/uploads\/2023\/03\/Screenshot_20230303_082452_Cx-File-Explorer-768x448.jpg 768w, https:\/\/voilierkribi.fr\/wp-content\/uploads\/2023\/03\/Screenshot_20230303_082452_Cx-File-Explorer-1536x897.jpg 1536w\" sizes=\"auto, (max-width: 1850px) 100vw, 1850px\" \/><\/figure>\n<\/figure>\n\n\n\n<p>Tout est pr\u00eat. Nous enlevons les cales qui bloquent les roues de la remorque et Ben actionne le treuil pour laisser filer le c\u00e2ble.  La remorque se met en mouvement et descend lentement la pente. Nous nous assurons qu&rsquo;elle reste bien dans l&rsquo;axe et oublions au passage de retirer les feux arri\u00e8re qui prennent le bouillon. Pas grave, vu leur \u00e9tat ce n&rsquo;est visiblement pas la premi\u00e8re fois.<\/p>\n\n\n\n<p>Il faut compl\u00e8tement immerger la remorque sous plus de 1m d&rsquo;eau pour qu&rsquo;enfin Kribi soit \u00e0 flot. J&rsquo;en ai des frissons, j&rsquo;ai tant attendu ce moment. Nous retenons le bateau \u00e0 l&rsquo;aide des aussi\u00e8res tandis que Ben remonte la remorque.<\/p>\n\n\n\n<figure class=\"wp-block-image size-large\"><img loading=\"lazy\" decoding=\"async\" width=\"1024\" height=\"461\" src=\"https:\/\/voilierkribi.fr\/wp-content\/uploads\/2023\/03\/Screenshot_20230302_225858_Cx-File-Explorer-1024x461.jpg\" alt=\"\" class=\"wp-image-1088\" srcset=\"https:\/\/voilierkribi.fr\/wp-content\/uploads\/2023\/03\/Screenshot_20230302_225858_Cx-File-Explorer-1024x461.jpg 1024w, https:\/\/voilierkribi.fr\/wp-content\/uploads\/2023\/03\/Screenshot_20230302_225858_Cx-File-Explorer-300x135.jpg 300w, https:\/\/voilierkribi.fr\/wp-content\/uploads\/2023\/03\/Screenshot_20230302_225858_Cx-File-Explorer-768x346.jpg 768w, https:\/\/voilierkribi.fr\/wp-content\/uploads\/2023\/03\/Screenshot_20230302_225858_Cx-File-Explorer-1536x691.jpg 1536w, https:\/\/voilierkribi.fr\/wp-content\/uploads\/2023\/03\/Screenshot_20230302_225858_Cx-File-Explorer-2048x922.jpg 2048w\" sizes=\"auto, (max-width: 1024px) 100vw, 1024px\" \/><\/figure>\n\n\n\n<h3 class=\"wp-block-heading\"><span class=\"ez-toc-section\" id=\"Direction_le_corps_mort\"><\/span>Direction le corps mort<span class=\"ez-toc-section-end\"><\/span><\/h3>\n\n\n\n<figure class=\"wp-block-image size-large\"><img loading=\"lazy\" decoding=\"async\" width=\"1024\" height=\"461\" src=\"https:\/\/voilierkribi.fr\/wp-content\/uploads\/2023\/03\/Screenshot_20230302_225833_Cx-File-Explorer-1024x461.jpg\" alt=\"\" class=\"wp-image-1090\" srcset=\"https:\/\/voilierkribi.fr\/wp-content\/uploads\/2023\/03\/Screenshot_20230302_225833_Cx-File-Explorer-1024x461.jpg 1024w, https:\/\/voilierkribi.fr\/wp-content\/uploads\/2023\/03\/Screenshot_20230302_225833_Cx-File-Explorer-300x135.jpg 300w, https:\/\/voilierkribi.fr\/wp-content\/uploads\/2023\/03\/Screenshot_20230302_225833_Cx-File-Explorer-768x346.jpg 768w, https:\/\/voilierkribi.fr\/wp-content\/uploads\/2023\/03\/Screenshot_20230302_225833_Cx-File-Explorer-1536x691.jpg 1536w, https:\/\/voilierkribi.fr\/wp-content\/uploads\/2023\/03\/Screenshot_20230302_225833_Cx-File-Explorer-2048x922.jpg 2048w\" sizes=\"auto, (max-width: 1024px) 100vw, 1024px\" \/><figcaption class=\"wp-element-caption\">Kribi est \u00e0 l&rsquo;eau, enfin<\/figcaption><\/figure>\n\n\n\n<p>Nous prenons place \u00e0 bord tandis que Ben va chercher le semi-rigide du club avec lequel il s&rsquo;approche de Kribi. Je lui lance une aussi\u00e8re et il nous tracte doucement vers le corps mort qui m&rsquo;est attribu\u00e9. Le plan d&rsquo;eau est d\u00e9sert en cette fin d&rsquo;apr\u00e8s midi, le vent \u00e9tabli. Kribi glisse avec douceur en faisant fi de la petite houle. Le temps est suspendu. Je suis heureux de partager ce moment avec mon fr\u00e8re et mon fils, de sentir les \u00e9l\u00e9ments qui nous entourent et le comportement rassurant de Kribi.<\/p>\n\n\n\n<figure class=\"wp-block-image size-large\"><img loading=\"lazy\" decoding=\"async\" width=\"1024\" height=\"461\" src=\"https:\/\/voilierkribi.fr\/wp-content\/uploads\/2023\/03\/Screenshot_20230302_230313_Cx-File-Explorer-1024x461.jpg\" alt=\"\" class=\"wp-image-1089\" srcset=\"https:\/\/voilierkribi.fr\/wp-content\/uploads\/2023\/03\/Screenshot_20230302_230313_Cx-File-Explorer-1024x461.jpg 1024w, https:\/\/voilierkribi.fr\/wp-content\/uploads\/2023\/03\/Screenshot_20230302_230313_Cx-File-Explorer-300x135.jpg 300w, https:\/\/voilierkribi.fr\/wp-content\/uploads\/2023\/03\/Screenshot_20230302_230313_Cx-File-Explorer-768x346.jpg 768w, https:\/\/voilierkribi.fr\/wp-content\/uploads\/2023\/03\/Screenshot_20230302_230313_Cx-File-Explorer-1536x691.jpg 1536w, https:\/\/voilierkribi.fr\/wp-content\/uploads\/2023\/03\/Screenshot_20230302_230313_Cx-File-Explorer-2048x922.jpg 2048w\" sizes=\"auto, (max-width: 1024px) 100vw, 1024px\" \/><\/figure>\n\n\n\n<h3 class=\"wp-block-heading\"><span class=\"ez-toc-section\" id=\"Epilogue\"><\/span>\u00c9pilogue <span class=\"ez-toc-section-end\"><\/span><\/h3>\n\n\n\n<p>Le moment \u00e9tait \u00e0 part mais la travers\u00e9e n&rsquo;a dur\u00e9 en r\u00e9alit\u00e9 que quelques minutes. J&rsquo;attache solidement Kribi avec une double amarre en assurant les bouts \u00e0 plusieurs endroits. Ben me presse gentiment et je rejoins la petite equipe \u00e0 bord du semi-rigide. En s&rsquo;\u00e9loignant je contemple pour la premi\u00e8re fois la magnifique ligne de mon bateau sur l&rsquo;eau.. et je me rends compte que j&rsquo;ai oubli\u00e9 de rentrer les pare-battages !<\/p>\n\n\n\n<figure class=\"wp-block-image size-large\"><img loading=\"lazy\" decoding=\"async\" width=\"1024\" height=\"461\" src=\"https:\/\/voilierkribi.fr\/wp-content\/uploads\/2022\/10\/Screenshot_20230302_232618_Cx-File-Explorer-1024x461.jpg\" alt=\"\" class=\"wp-image-1091\" srcset=\"https:\/\/voilierkribi.fr\/wp-content\/uploads\/2022\/10\/Screenshot_20230302_232618_Cx-File-Explorer-1024x461.jpg 1024w, https:\/\/voilierkribi.fr\/wp-content\/uploads\/2022\/10\/Screenshot_20230302_232618_Cx-File-Explorer-300x135.jpg 300w, https:\/\/voilierkribi.fr\/wp-content\/uploads\/2022\/10\/Screenshot_20230302_232618_Cx-File-Explorer-768x346.jpg 768w, https:\/\/voilierkribi.fr\/wp-content\/uploads\/2022\/10\/Screenshot_20230302_232618_Cx-File-Explorer-1536x691.jpg 1536w, https:\/\/voilierkribi.fr\/wp-content\/uploads\/2022\/10\/Screenshot_20230302_232618_Cx-File-Explorer-2048x922.jpg 2048w\" sizes=\"auto, (max-width: 1024px) 100vw, 1024px\" \/><figcaption class=\"wp-element-caption\">Kribi sans b\u00f4me ni genois <\/figcaption><\/figure>\n\n\n\n<p>Bye bye Kribi, \u00e0 demain pour le premier gr\u00e9ement.<\/p>\n","protected":false},"excerpt":{"rendered":"<p><span class=\"span-reading-time rt-reading-time\" style=\"display: block;\"><span class=\"rt-label rt-prefix\">Temps de lecture\u00a0: <\/span> <span class=\"rt-time\"> 5<\/span> <span class=\"rt-label rt-postfix\">minutes<\/span><\/span>Il se sera \u00e9coul\u00e9 pr\u00e8s de 11 mois entre l&rsquo;achat de Kribi et sa mise \u00e0 l&rsquo;eau, la faute \u00e0 un safran peu coop\u00e9ratif. Retour &hellip; <\/p>\n","protected":false},"author":1,"featured_media":1077,"comment_status":"open","ping_status":"closed","sticky":false,"template":"","format":"standard","meta":{"advgb_blocks_editor_width":"","advgb_blocks_columns_visual_guide":"","footnotes":""},"categories":[11],"tags":[],"class_list":["post-1066","post","type-post","status-publish","format-standard","has-post-thumbnail","hentry","category-journal"],"author_meta":{"display_name":"Jean","author_link":"https:\/\/voilierkribi.fr\/index.php\/author\/admin7450\/"},"featured_img":"https:\/\/voilierkribi.fr\/wp-content\/uploads\/2023\/03\/Screenshot_20230302_225018_Cx-File-Explorer-300x135.jpg","coauthors":[],"tax_additional":{"categories":{"linked":["<a href=\"https:\/\/voilierkribi.fr\/index.php\/category\/journal\/\" class=\"advgb-post-tax-term\">Journal<\/a>"],"unlinked":["<span class=\"advgb-post-tax-term\">Journal<\/span>"]}},"comment_count":"0","relative_dates":{"created":"Publi\u00e9 4 ans il y a","modified":"Mis \u00e0 jour 3 ans il y a"},"absolute_dates":{"created":"Publi\u00e9 le 1 octobre 2022","modified":"Mise \u00e0 jour le 20 mai 2023"},"absolute_dates_time":{"created":"Publi\u00e9 le 1 octobre 2022 21h40","modified":"Mise \u00e0 jour le 20 mai 2023 19h14"},"featured_img_caption":"","series_order":"","_links":{"self":[{"href":"https:\/\/voilierkribi.fr\/index.php\/wp-json\/wp\/v2\/posts\/1066","targetHints":{"allow":["GET"]}}],"collection":[{"href":"https:\/\/voilierkribi.fr\/index.php\/wp-json\/wp\/v2\/posts"}],"about":[{"href":"https:\/\/voilierkribi.fr\/index.php\/wp-json\/wp\/v2\/types\/post"}],"author":[{"embeddable":true,"href":"https:\/\/voilierkribi.fr\/index.php\/wp-json\/wp\/v2\/users\/1"}],"replies":[{"embeddable":true,"href":"https:\/\/voilierkribi.fr\/index.php\/wp-json\/wp\/v2\/comments?post=1066"}],"version-history":[{"count":18,"href":"https:\/\/voilierkribi.fr\/index.php\/wp-json\/wp\/v2\/posts\/1066\/revisions"}],"predecessor-version":[{"id":1333,"href":"https:\/\/voilierkribi.fr\/index.php\/wp-json\/wp\/v2\/posts\/1066\/revisions\/1333"}],"wp:featuredmedia":[{"embeddable":true,"href":"https:\/\/voilierkribi.fr\/index.php\/wp-json\/wp\/v2\/media\/1077"}],"wp:attachment":[{"href":"https:\/\/voilierkribi.fr\/index.php\/wp-json\/wp\/v2\/media?parent=1066"}],"wp:term":[{"taxonomy":"category","embeddable":true,"href":"https:\/\/voilierkribi.fr\/index.php\/wp-json\/wp\/v2\/categories?post=1066"},{"taxonomy":"post_tag","embeddable":true,"href":"https:\/\/voilierkribi.fr\/index.php\/wp-json\/wp\/v2\/tags?post=1066"}],"curies":[{"name":"wp","href":"https:\/\/api.w.org\/{rel}","templated":true}]}}