{"id":172,"date":"2021-12-19T00:16:45","date_gmt":"2021-12-18T23:16:45","guid":{"rendered":"https:\/\/voilierkribi.fr\/?p=172"},"modified":"2023-02-19T11:49:50","modified_gmt":"2023-02-19T10:49:50","slug":"le-tour-du-proprietaire-linterieur","status":"publish","type":"post","link":"https:\/\/voilierkribi.fr\/index.php\/2021\/12\/19\/le-tour-du-proprietaire-linterieur\/","title":{"rendered":"Le tour du propri\u00e9taire &#8211; l&rsquo;int\u00e9rieur"},"content":{"rendered":"<div id=\"ez-toc-container\" class=\"ez-toc-v2_0_82_2 counter-hierarchy ez-toc-counter ez-toc-grey ez-toc-container-direction\">\n<div class=\"ez-toc-title-container\">\n<p class=\"ez-toc-title\" style=\"cursor:inherit\">Table des mati\u00e8res <\/p>\n<span class=\"ez-toc-title-toggle\"><a href=\"#\" class=\"ez-toc-pull-right ez-toc-btn ez-toc-btn-xs ez-toc-btn-default ez-toc-toggle\" aria-label=\"Toggle Table of Content\"><span class=\"ez-toc-js-icon-con\"><span class=\"\"><span class=\"eztoc-hide\" style=\"display:none;\">Toggle<\/span><span class=\"ez-toc-icon-toggle-span\"><svg style=\"fill: #999;color:#999\" xmlns=\"http:\/\/www.w3.org\/2000\/svg\" class=\"list-377408\" width=\"20px\" height=\"20px\" viewBox=\"0 0 24 24\" fill=\"none\"><path d=\"M6 6H4v2h2V6zm14 0H8v2h12V6zM4 11h2v2H4v-2zm16 0H8v2h12v-2zM4 16h2v2H4v-2zm16 0H8v2h12v-2z\" fill=\"currentColor\"><\/path><\/svg><svg style=\"fill: #999;color:#999\" class=\"arrow-unsorted-368013\" xmlns=\"http:\/\/www.w3.org\/2000\/svg\" width=\"10px\" height=\"10px\" viewBox=\"0 0 24 24\" version=\"1.2\" baseProfile=\"tiny\"><path d=\"M18.2 9.3l-6.2-6.3-6.2 6.3c-.2.2-.3.4-.3.7s.1.5.3.7c.2.2.4.3.7.3h11c.3 0 .5-.1.7-.3.2-.2.3-.5.3-.7s-.1-.5-.3-.7zM5.8 14.7l6.2 6.3 6.2-6.3c.2-.2.3-.5.3-.7s-.1-.5-.3-.7c-.2-.2-.4-.3-.7-.3h-11c-.3 0-.5.1-.7.3-.2.2-.3.5-.3.7s.1.5.3.7z\"\/><\/svg><\/span><\/span><\/span><\/a><\/span><\/div>\n<nav><ul class='ez-toc-list ez-toc-list-level-1 ' ><li class='ez-toc-page-1 ez-toc-heading-level-2'><a class=\"ez-toc-link ez-toc-heading-1\" href=\"https:\/\/voilierkribi.fr\/index.php\/2021\/12\/19\/le-tour-du-proprietaire-linterieur\/#Premiere_etape_faire_le_vide\" >Premi\u00e8re \u00e9tape : faire le vide<\/a><\/li><li class='ez-toc-page-1 ez-toc-heading-level-2'><a class=\"ez-toc-link ez-toc-heading-2\" href=\"https:\/\/voilierkribi.fr\/index.php\/2021\/12\/19\/le-tour-du-proprietaire-linterieur\/#Inspection_de_la_cabine\" >Inspection de la cabine<\/a><ul class='ez-toc-list-level-3' ><li class='ez-toc-heading-level-3'><a class=\"ez-toc-link ez-toc-heading-3\" href=\"https:\/\/voilierkribi.fr\/index.php\/2021\/12\/19\/le-tour-du-proprietaire-linterieur\/#Le_poste_avant\" >Le poste avant<\/a><\/li><li class='ez-toc-page-1 ez-toc-heading-level-3'><a class=\"ez-toc-link ez-toc-heading-4\" href=\"https:\/\/voilierkribi.fr\/index.php\/2021\/12\/19\/le-tour-du-proprietaire-linterieur\/#Le_carre\" >Le carr\u00e9<\/a><\/li><\/ul><\/li><\/ul><\/nav><\/div>\n<span class=\"span-reading-time rt-reading-time\" style=\"display: block;\"><span class=\"rt-label rt-prefix\">Temps de lecture\u00a0: <\/span> <span class=\"rt-time\"> 4<\/span> <span class=\"rt-label rt-postfix\">minutes<\/span><\/span>\n<p>Au moment de l&rsquo;achat, la cabine \u00e9tait bien encombr\u00e9e.<\/p>\n\n\n\n<figure class=\"wp-block-gallery alignfull has-nested-images columns-2 is-cropped wp-block-gallery-1 is-layout-flex wp-block-gallery-is-layout-flex\">\n<figure class=\"wp-block-image size-full\"><a href=\"https:\/\/voilierkribi.fr\/wp-content\/uploads\/2021\/12\/2021-11-14-11.34.23.jpg\"><img loading=\"lazy\" decoding=\"async\" width=\"1152\" height=\"546\" data-id=\"80\" src=\"https:\/\/voilierkribi.fr\/wp-content\/uploads\/2021\/12\/2021-11-14-11.34.23.jpg\" alt=\"\" class=\"wp-image-80\" srcset=\"https:\/\/voilierkribi.fr\/wp-content\/uploads\/2021\/12\/2021-11-14-11.34.23.jpg 1152w, https:\/\/voilierkribi.fr\/wp-content\/uploads\/2021\/12\/2021-11-14-11.34.23-300x142.jpg 300w, https:\/\/voilierkribi.fr\/wp-content\/uploads\/2021\/12\/2021-11-14-11.34.23-1024x485.jpg 1024w, https:\/\/voilierkribi.fr\/wp-content\/uploads\/2021\/12\/2021-11-14-11.34.23-768x364.jpg 768w\" sizes=\"auto, (max-width: 1152px) 100vw, 1152px\" \/><\/a><\/figure>\n\n\n\n<figure class=\"wp-block-image size-full\"><a href=\"https:\/\/voilierkribi.fr\/wp-content\/uploads\/2021\/12\/2021-11-14-11.34.15.jpg\"><img loading=\"lazy\" decoding=\"async\" width=\"1152\" height=\"546\" data-id=\"81\" src=\"https:\/\/voilierkribi.fr\/wp-content\/uploads\/2021\/12\/2021-11-14-11.34.15.jpg\" alt=\"\" class=\"wp-image-81\" srcset=\"https:\/\/voilierkribi.fr\/wp-content\/uploads\/2021\/12\/2021-11-14-11.34.15.jpg 1152w, https:\/\/voilierkribi.fr\/wp-content\/uploads\/2021\/12\/2021-11-14-11.34.15-300x142.jpg 300w, https:\/\/voilierkribi.fr\/wp-content\/uploads\/2021\/12\/2021-11-14-11.34.15-1024x485.jpg 1024w, https:\/\/voilierkribi.fr\/wp-content\/uploads\/2021\/12\/2021-11-14-11.34.15-768x364.jpg 768w\" sizes=\"auto, (max-width: 1152px) 100vw, 1152px\" \/><\/a><\/figure>\n<\/figure>\n\n\n\n<h2 class=\"has-accent-color has-text-color wp-block-heading\"><span class=\"ez-toc-section\" id=\"Premiere_etape_faire_le_vide\"><\/span>Premi\u00e8re \u00e9tape : faire le vide<span class=\"ez-toc-section-end\"><\/span><\/h2>\n\n\n\n<p>Je commence par retirer un maximum du mat\u00e9riel \u00e0 bord et le ramener dans mon garage en vue d&rsquo;un inventaire d\u00e9taill\u00e9 et de l&rsquo;hivernage. En effet, nous sommes d\u00e9but d\u00e9cembre et je crains qu&rsquo;avec l&rsquo;humidit\u00e9, la cabine et en particulier les v\u00e9n\u00e9rables matelas d&rsquo;\u00e9poque prennent l&rsquo;humidit\u00e9.<\/p>\n\n\n\n<figure class=\"wp-block-pullquote has-border-color\" style=\"border-color:#e9b44c\"><blockquote><p>Et mine de rien, il en contient du mat\u00e9riel : voiles, accastillage, boutes, pare-battages, gilets de sauvetage, mat\u00e9riel de s\u00e9curit\u00e9 plus des objets divers ayant appartenu aux anciens propri\u00e9taires. <\/p><\/blockquote><\/figure>\n\n\n\n<p>Il me faut plusieurs voyages avec le C4 Picasso familial pour en venir \u00e0 bout, <strong>je consacrerai un prochain billet de blog \u00e0 l&rsquo;<a href=\"https:\/\/voilierkribi.fr\/index.php\/2022\/04\/29\/petit-bonheur-et-grand-inventaire\/\" data-type=\"post\" data-id=\"433\">inventaire<\/a><\/strong>.<\/p>\n\n\n\n<figure class=\"wp-block-gallery has-nested-images columns-default is-cropped wp-block-gallery-2 is-layout-flex wp-block-gallery-is-layout-flex\">\n<figure class=\"wp-block-image size-large\"><img loading=\"lazy\" decoding=\"async\" width=\"817\" height=\"1024\" data-id=\"293\" src=\"https:\/\/voilierkribi.fr\/wp-content\/uploads\/2022\/01\/2021-11-28-12.00.09-scaled-e1641206096123-817x1024.jpg\" alt=\"\" class=\"wp-image-293\" srcset=\"https:\/\/voilierkribi.fr\/wp-content\/uploads\/2022\/01\/2021-11-28-12.00.09-scaled-e1641206096123-817x1024.jpg 817w, https:\/\/voilierkribi.fr\/wp-content\/uploads\/2022\/01\/2021-11-28-12.00.09-scaled-e1641206096123-239x300.jpg 239w, https:\/\/voilierkribi.fr\/wp-content\/uploads\/2022\/01\/2021-11-28-12.00.09-scaled-e1641206096123-768x963.jpg 768w, https:\/\/voilierkribi.fr\/wp-content\/uploads\/2022\/01\/2021-11-28-12.00.09-scaled-e1641206096123.jpg 1209w\" sizes=\"auto, (max-width: 817px) 100vw, 817px\" \/><\/figure>\n<figcaption class=\"blocks-gallery-caption wp-element-caption\">3 voyages comme celui l\u00e0 et c&rsquo;est bon !<\/figcaption><\/figure>\n\n\n\n<p>Une fois le bateau vid\u00e9, il est temps de passer aux choses s\u00e9rieuses, en l&rsquo;occurrence une inspection d\u00e9taill\u00e9e.<\/p>\n\n\n\n<h2 class=\"has-accent-color has-text-color wp-block-heading\"><span class=\"ez-toc-section\" id=\"Inspection_de_la_cabine\"><\/span>Inspection de la cabine<span class=\"ez-toc-section-end\"><\/span><\/h2>\n\n\n\n<p>La cabine est en bon \u00e9tat g\u00e9n\u00e9ral, je trouve que pour un bateau qui date de 1975, il est \u00e9tonnamment bien conserv\u00e9 pour son \u00e2ge. <\/p>\n\n\n\n<figure class=\"wp-block-gallery alignwide has-nested-images columns-default is-cropped wp-block-gallery-3 is-layout-flex wp-block-gallery-is-layout-flex\">\n<figure class=\"wp-block-image size-full\"><a href=\"https:\/\/voilierkribi.fr\/wp-content\/uploads\/2021\/12\/2021-11-28-11.26.47-scaled.jpg\"><img loading=\"lazy\" decoding=\"async\" width=\"2560\" height=\"1213\" data-id=\"96\" src=\"https:\/\/voilierkribi.fr\/wp-content\/uploads\/2021\/12\/2021-11-28-11.26.47-scaled.jpg\" alt=\"\" class=\"wp-image-96\" srcset=\"https:\/\/voilierkribi.fr\/wp-content\/uploads\/2021\/12\/2021-11-28-11.26.47-scaled.jpg 2560w, https:\/\/voilierkribi.fr\/wp-content\/uploads\/2021\/12\/2021-11-28-11.26.47-300x142.jpg 300w, https:\/\/voilierkribi.fr\/wp-content\/uploads\/2021\/12\/2021-11-28-11.26.47-1024x485.jpg 1024w, https:\/\/voilierkribi.fr\/wp-content\/uploads\/2021\/12\/2021-11-28-11.26.47-768x364.jpg 768w, https:\/\/voilierkribi.fr\/wp-content\/uploads\/2021\/12\/2021-11-28-11.26.47-1536x728.jpg 1536w, https:\/\/voilierkribi.fr\/wp-content\/uploads\/2021\/12\/2021-11-28-11.26.47-2048x971.jpg 2048w, https:\/\/voilierkribi.fr\/wp-content\/uploads\/2021\/12\/2021-11-28-11.26.47-1200x569.jpg 1200w, https:\/\/voilierkribi.fr\/wp-content\/uploads\/2021\/12\/2021-11-28-11.26.47-1980x938.jpg 1980w\" sizes=\"auto, (max-width: 2560px) 100vw, 2560px\" \/><\/a><\/figure>\n<figcaption class=\"blocks-gallery-caption wp-element-caption\">Il est pas beau mon bateau ?<\/figcaption><\/figure>\n\n\n\n<p>Toutefois, il manque la cloison s\u00e9parant le carr\u00e9 du poste avant. Plus g\u00eanant encore, il manque \u00e9galement la table qui \u00e9quipe normalement l&rsquo;Edel 6 et qui selon la configuration joue tour \u00e0 tour le r\u00f4le de table \u00e0 carte, table de carr\u00e9 ou de support de couchette. C&rsquo;est donc un \u00e9l\u00e9ment important pour la navigation et la vie \u00e0 bord et j&rsquo;ai bien l&rsquo;intention d&rsquo;en construire une de remplacement.<\/p>\n\n\n\n<h3 class=\"has-accent-color has-text-color wp-block-heading\"><span class=\"ez-toc-section\" id=\"Le_poste_avant\"><\/span>Le poste avant<span class=\"ez-toc-section-end\"><\/span><\/h3>\n\n\n\n<p>Dans le poste avant, on trouve un r\u00e9servoir de capacit\u00e9 importante (40l) destin\u00e9 au stockage de l&rsquo;eau du bord. Pas s\u00fbr que je lui donne cette fonction, car il faudrait le d\u00e9sinfecter ainsi que le circuit d&rsquo;eau et s&rsquo;assurer qu&rsquo;il reste propre par la suite. Comme je me limiterai \u00e0 des sorties \u00e0 la journ\u00e9e la premi\u00e8re ann\u00e9e (et probablement la suivante), il sera plus pratique de prendre de l&rsquo;eau en jerrican.<\/p>\n\n\n\n<figure class=\"wp-block-gallery alignwide has-nested-images columns-default is-cropped wp-block-gallery-4 is-layout-flex wp-block-gallery-is-layout-flex\">\n<figure class=\"wp-block-image size-full\"><a href=\"https:\/\/voilierkribi.fr\/wp-content\/uploads\/2021\/12\/Edel-660-_Kribi_-Premiere-visite-de-la-cabine-0-17-screenshot.png\"><img loading=\"lazy\" decoding=\"async\" width=\"1280\" height=\"720\" data-id=\"94\" src=\"https:\/\/voilierkribi.fr\/wp-content\/uploads\/2021\/12\/Edel-660-_Kribi_-Premiere-visite-de-la-cabine-0-17-screenshot.png\" alt=\"\" class=\"wp-image-94\" srcset=\"https:\/\/voilierkribi.fr\/wp-content\/uploads\/2021\/12\/Edel-660-_Kribi_-Premiere-visite-de-la-cabine-0-17-screenshot.png 1280w, https:\/\/voilierkribi.fr\/wp-content\/uploads\/2021\/12\/Edel-660-_Kribi_-Premiere-visite-de-la-cabine-0-17-screenshot-300x169.png 300w, https:\/\/voilierkribi.fr\/wp-content\/uploads\/2021\/12\/Edel-660-_Kribi_-Premiere-visite-de-la-cabine-0-17-screenshot-1024x576.png 1024w, https:\/\/voilierkribi.fr\/wp-content\/uploads\/2021\/12\/Edel-660-_Kribi_-Premiere-visite-de-la-cabine-0-17-screenshot-768x432.png 768w, https:\/\/voilierkribi.fr\/wp-content\/uploads\/2021\/12\/Edel-660-_Kribi_-Premiere-visite-de-la-cabine-0-17-screenshot-1200x675.png 1200w\" sizes=\"auto, (max-width: 1280px) 100vw, 1280px\" \/><\/a><figcaption class=\"wp-element-caption\">Le r\u00e9servoir du poste avant<\/figcaption><\/figure>\n\n\n\n<figure class=\"wp-block-image size-full\"><a href=\"https:\/\/voilierkribi.fr\/wp-content\/uploads\/2021\/12\/Edel-660-_Kribi_-Premiere-visite-de-la-cabine-1-27-screenshot.png\"><img loading=\"lazy\" decoding=\"async\" width=\"1280\" height=\"720\" data-id=\"95\" src=\"https:\/\/voilierkribi.fr\/wp-content\/uploads\/2021\/12\/Edel-660-_Kribi_-Premiere-visite-de-la-cabine-1-27-screenshot.png\" alt=\"\" class=\"wp-image-95\" srcset=\"https:\/\/voilierkribi.fr\/wp-content\/uploads\/2021\/12\/Edel-660-_Kribi_-Premiere-visite-de-la-cabine-1-27-screenshot.png 1280w, https:\/\/voilierkribi.fr\/wp-content\/uploads\/2021\/12\/Edel-660-_Kribi_-Premiere-visite-de-la-cabine-1-27-screenshot-300x169.png 300w, https:\/\/voilierkribi.fr\/wp-content\/uploads\/2021\/12\/Edel-660-_Kribi_-Premiere-visite-de-la-cabine-1-27-screenshot-1024x576.png 1024w, https:\/\/voilierkribi.fr\/wp-content\/uploads\/2021\/12\/Edel-660-_Kribi_-Premiere-visite-de-la-cabine-1-27-screenshot-768x432.png 768w, https:\/\/voilierkribi.fr\/wp-content\/uploads\/2021\/12\/Edel-660-_Kribi_-Premiere-visite-de-la-cabine-1-27-screenshot-1200x675.png 1200w\" sizes=\"auto, (max-width: 1280px) 100vw, 1280px\" \/><\/a><figcaption class=\"wp-element-caption\">Le tuyau gris permet l&rsquo;\u00e9coulement de l&rsquo;eau vers la cuisine<\/figcaption><\/figure>\n<\/figure>\n\n\n\n<p>Pas de WC marin, ce qui m&rsquo;arrange, si n\u00e9cessaire j&rsquo;opterai plut\u00f4t pour un WC chimique. A l&rsquo;avant de la trappe, on voit le raccordement qui permettait d&rsquo;\u00e9vacuer les eaux us\u00e9es. Sous la trappe, le passe-coque abrite le loch speedo (appareil mesurant la vitesse et le d\u00e9placement du bateau). Sur tribord, il y a un espace de rangement mais il semble qu&rsquo;il manque un cache.<\/p>\n\n\n\n<figure class=\"wp-block-gallery has-nested-images columns-default is-cropped wp-block-gallery-5 is-layout-flex wp-block-gallery-is-layout-flex\">\n<figure class=\"wp-block-image size-full\"><a href=\"https:\/\/voilierkribi.fr\/wp-content\/uploads\/2021\/12\/Edel-660-_Kribi_-Premiere-visite-de-la-cabine-1-9-screenshot.png\"><img loading=\"lazy\" decoding=\"async\" width=\"1280\" height=\"720\" data-id=\"98\" src=\"https:\/\/voilierkribi.fr\/wp-content\/uploads\/2021\/12\/Edel-660-_Kribi_-Premiere-visite-de-la-cabine-1-9-screenshot.png\" alt=\"\" class=\"wp-image-98\" srcset=\"https:\/\/voilierkribi.fr\/wp-content\/uploads\/2021\/12\/Edel-660-_Kribi_-Premiere-visite-de-la-cabine-1-9-screenshot.png 1280w, https:\/\/voilierkribi.fr\/wp-content\/uploads\/2021\/12\/Edel-660-_Kribi_-Premiere-visite-de-la-cabine-1-9-screenshot-300x169.png 300w, https:\/\/voilierkribi.fr\/wp-content\/uploads\/2021\/12\/Edel-660-_Kribi_-Premiere-visite-de-la-cabine-1-9-screenshot-1024x576.png 1024w, https:\/\/voilierkribi.fr\/wp-content\/uploads\/2021\/12\/Edel-660-_Kribi_-Premiere-visite-de-la-cabine-1-9-screenshot-768x432.png 768w, https:\/\/voilierkribi.fr\/wp-content\/uploads\/2021\/12\/Edel-660-_Kribi_-Premiere-visite-de-la-cabine-1-9-screenshot-1200x675.png 1200w\" sizes=\"auto, (max-width: 1280px) 100vw, 1280px\" \/><\/a><\/figure>\n<figcaption class=\"blocks-gallery-caption wp-element-caption\">Espace de rangement tribord<\/figcaption><\/figure>\n\n\n\n<p>Enfin je dispose du support qui permet de convertir le poste avant en couchette mais il ne tient pas, la faute \u00e0 la cloison manquante.<\/p>\n\n\n\n<figure class=\"wp-block-image size-large is-style-default\"><img loading=\"lazy\" decoding=\"async\" width=\"1024\" height=\"485\" src=\"https:\/\/voilierkribi.fr\/wp-content\/uploads\/2021\/12\/2021-11-28-11.27.58-1024x485.jpg\" alt=\"\" class=\"wp-image-166\" srcset=\"https:\/\/voilierkribi.fr\/wp-content\/uploads\/2021\/12\/2021-11-28-11.27.58-1024x485.jpg 1024w, https:\/\/voilierkribi.fr\/wp-content\/uploads\/2021\/12\/2021-11-28-11.27.58-300x142.jpg 300w, https:\/\/voilierkribi.fr\/wp-content\/uploads\/2021\/12\/2021-11-28-11.27.58-768x364.jpg 768w, https:\/\/voilierkribi.fr\/wp-content\/uploads\/2021\/12\/2021-11-28-11.27.58-1536x728.jpg 1536w, https:\/\/voilierkribi.fr\/wp-content\/uploads\/2021\/12\/2021-11-28-11.27.58-2048x971.jpg 2048w, https:\/\/voilierkribi.fr\/wp-content\/uploads\/2021\/12\/2021-11-28-11.27.58-1200x569.jpg 1200w, https:\/\/voilierkribi.fr\/wp-content\/uploads\/2021\/12\/2021-11-28-11.27.58-1980x938.jpg 1980w\" sizes=\"auto, (max-width: 1024px) 100vw, 1024px\" \/><\/figure>\n\n\n\n<h3 class=\"has-accent-color has-text-color wp-block-heading\"><span class=\"ez-toc-section\" id=\"Le_carre\"><\/span>Le carr\u00e9<span class=\"ez-toc-section-end\"><\/span><\/h3>\n\n\n\n<p>Hormis la table et la cloison manquantes, le carr\u00e9 m&rsquo;a l&rsquo;air complet. De nombreux \u00e9quipets sur babord permettent de ranger du mat\u00e9riel. La cuisine sur tribord est \u00e9quip\u00e9e d&rsquo;un \u00e9vier avec robinet aliment\u00e9 par le r\u00e9servoir du poste avant. La pompe \u00e0 pied qui active l&rsquo;\u00e9coulement de l&rsquo;eau semble fonctionnelle.<\/p>\n\n\n\n<figure class=\"wp-block-gallery has-nested-images columns-2 is-cropped wp-block-gallery-6 is-layout-flex wp-block-gallery-is-layout-flex\">\n<figure class=\"wp-block-image size-full\"><a href=\"https:\/\/voilierkribi.fr\/wp-content\/uploads\/2021\/12\/2021-11-28-11.26.52-scaled.jpg\"><img loading=\"lazy\" decoding=\"async\" width=\"2560\" height=\"1213\" data-id=\"109\" src=\"https:\/\/voilierkribi.fr\/wp-content\/uploads\/2021\/12\/2021-11-28-11.26.52-scaled.jpg\" alt=\"\" class=\"wp-image-109\" srcset=\"https:\/\/voilierkribi.fr\/wp-content\/uploads\/2021\/12\/2021-11-28-11.26.52-scaled.jpg 2560w, https:\/\/voilierkribi.fr\/wp-content\/uploads\/2021\/12\/2021-11-28-11.26.52-300x142.jpg 300w, https:\/\/voilierkribi.fr\/wp-content\/uploads\/2021\/12\/2021-11-28-11.26.52-1024x485.jpg 1024w, https:\/\/voilierkribi.fr\/wp-content\/uploads\/2021\/12\/2021-11-28-11.26.52-768x364.jpg 768w, https:\/\/voilierkribi.fr\/wp-content\/uploads\/2021\/12\/2021-11-28-11.26.52-1536x728.jpg 1536w, https:\/\/voilierkribi.fr\/wp-content\/uploads\/2021\/12\/2021-11-28-11.26.52-2048x971.jpg 2048w, https:\/\/voilierkribi.fr\/wp-content\/uploads\/2021\/12\/2021-11-28-11.26.52-1200x569.jpg 1200w, https:\/\/voilierkribi.fr\/wp-content\/uploads\/2021\/12\/2021-11-28-11.26.52-1980x938.jpg 1980w\" sizes=\"auto, (max-width: 2560px) 100vw, 2560px\" \/><\/a><\/figure>\n\n\n\n<figure class=\"wp-block-image size-full\"><a href=\"https:\/\/voilierkribi.fr\/wp-content\/uploads\/2021\/12\/2021-11-28-11.27.01-scaled.jpg\"><img loading=\"lazy\" decoding=\"async\" width=\"2560\" height=\"1213\" data-id=\"100\" src=\"https:\/\/voilierkribi.fr\/wp-content\/uploads\/2021\/12\/2021-11-28-11.27.01-scaled.jpg\" alt=\"\" class=\"wp-image-100\" srcset=\"https:\/\/voilierkribi.fr\/wp-content\/uploads\/2021\/12\/2021-11-28-11.27.01-scaled.jpg 2560w, https:\/\/voilierkribi.fr\/wp-content\/uploads\/2021\/12\/2021-11-28-11.27.01-300x142.jpg 300w, https:\/\/voilierkribi.fr\/wp-content\/uploads\/2021\/12\/2021-11-28-11.27.01-1024x485.jpg 1024w, https:\/\/voilierkribi.fr\/wp-content\/uploads\/2021\/12\/2021-11-28-11.27.01-768x364.jpg 768w, https:\/\/voilierkribi.fr\/wp-content\/uploads\/2021\/12\/2021-11-28-11.27.01-1536x728.jpg 1536w, https:\/\/voilierkribi.fr\/wp-content\/uploads\/2021\/12\/2021-11-28-11.27.01-2048x971.jpg 2048w, https:\/\/voilierkribi.fr\/wp-content\/uploads\/2021\/12\/2021-11-28-11.27.01-1200x569.jpg 1200w, https:\/\/voilierkribi.fr\/wp-content\/uploads\/2021\/12\/2021-11-28-11.27.01-1980x938.jpg 1980w\" sizes=\"auto, (max-width: 2560px) 100vw, 2560px\" \/><\/a><\/figure>\n\n\n\n<figure class=\"wp-block-image size-full\"><a href=\"https:\/\/voilierkribi.fr\/wp-content\/uploads\/2021\/12\/2021-11-28-11.27.16-scaled.jpg\"><img loading=\"lazy\" decoding=\"async\" width=\"2560\" height=\"1213\" data-id=\"167\" src=\"https:\/\/voilierkribi.fr\/wp-content\/uploads\/2021\/12\/2021-11-28-11.27.16-scaled.jpg\" alt=\"\" class=\"wp-image-167\" srcset=\"https:\/\/voilierkribi.fr\/wp-content\/uploads\/2021\/12\/2021-11-28-11.27.16-scaled.jpg 2560w, https:\/\/voilierkribi.fr\/wp-content\/uploads\/2021\/12\/2021-11-28-11.27.16-300x142.jpg 300w, https:\/\/voilierkribi.fr\/wp-content\/uploads\/2021\/12\/2021-11-28-11.27.16-1024x485.jpg 1024w, https:\/\/voilierkribi.fr\/wp-content\/uploads\/2021\/12\/2021-11-28-11.27.16-768x364.jpg 768w, https:\/\/voilierkribi.fr\/wp-content\/uploads\/2021\/12\/2021-11-28-11.27.16-1536x728.jpg 1536w, https:\/\/voilierkribi.fr\/wp-content\/uploads\/2021\/12\/2021-11-28-11.27.16-2048x971.jpg 2048w, https:\/\/voilierkribi.fr\/wp-content\/uploads\/2021\/12\/2021-11-28-11.27.16-1200x569.jpg 1200w, https:\/\/voilierkribi.fr\/wp-content\/uploads\/2021\/12\/2021-11-28-11.27.16-1980x938.jpg 1980w\" sizes=\"auto, (max-width: 2560px) 100vw, 2560px\" \/><\/a><\/figure>\n<\/figure>\n\n\n\n<p>La petite cuisine est bien \u00e9quip\u00e9e et a priori tout \u00e0 fait utilisable moyennant un bon coup d&rsquo;\u00e9ponge.<\/p>\n\n\n\n<p>Sous la descente, on trouve le panneau \u00e9lectrique. Le circuit \u00e9lectrique est aliment\u00e9 par une batterie 12V raccord\u00e9e \u00e0 un petit panneau solaire qui n&rsquo;est pas fix\u00e9 et qui me laisse dubitatif sur sa capacit\u00e9 \u00e0 recharger la batterie. Pourtant un r\u00e9gulateur de charge est pr\u00e9sent donc&#8230; \u00e0 voir.<\/p>\n\n\n\n<figure class=\"wp-block-gallery has-nested-images columns-default is-cropped wp-block-gallery-7 is-layout-flex wp-block-gallery-is-layout-flex\">\n<figure class=\"wp-block-image size-large\"><a href=\"https:\/\/voilierkribi.fr\/wp-content\/uploads\/2021\/12\/Edel-660-_Kribi_-Premiere-visite-de-la-cabine-7-0-screenshot.png\"><img loading=\"lazy\" decoding=\"async\" width=\"1024\" height=\"576\" data-id=\"168\" src=\"https:\/\/voilierkribi.fr\/wp-content\/uploads\/2021\/12\/Edel-660-_Kribi_-Premiere-visite-de-la-cabine-7-0-screenshot-1024x576.png\" alt=\"\" class=\"wp-image-168\" srcset=\"https:\/\/voilierkribi.fr\/wp-content\/uploads\/2021\/12\/Edel-660-_Kribi_-Premiere-visite-de-la-cabine-7-0-screenshot-1024x576.png 1024w, https:\/\/voilierkribi.fr\/wp-content\/uploads\/2021\/12\/Edel-660-_Kribi_-Premiere-visite-de-la-cabine-7-0-screenshot-300x169.png 300w, https:\/\/voilierkribi.fr\/wp-content\/uploads\/2021\/12\/Edel-660-_Kribi_-Premiere-visite-de-la-cabine-7-0-screenshot-768x432.png 768w, https:\/\/voilierkribi.fr\/wp-content\/uploads\/2021\/12\/Edel-660-_Kribi_-Premiere-visite-de-la-cabine-7-0-screenshot-1200x675.png 1200w, https:\/\/voilierkribi.fr\/wp-content\/uploads\/2021\/12\/Edel-660-_Kribi_-Premiere-visite-de-la-cabine-7-0-screenshot.png 1280w\" sizes=\"auto, (max-width: 1024px) 100vw, 1024px\" \/><\/a><\/figure>\n\n\n\n<figure class=\"wp-block-image size-large\"><a href=\"https:\/\/voilierkribi.fr\/wp-content\/uploads\/2021\/12\/Edel-660-_Kribi_-Premiere-visite-de-la-cabine-7-6-screenshot.png\"><img loading=\"lazy\" decoding=\"async\" width=\"1024\" height=\"576\" data-id=\"170\" src=\"https:\/\/voilierkribi.fr\/wp-content\/uploads\/2021\/12\/Edel-660-_Kribi_-Premiere-visite-de-la-cabine-7-6-screenshot-1024x576.png\" alt=\"\" class=\"wp-image-170\" srcset=\"https:\/\/voilierkribi.fr\/wp-content\/uploads\/2021\/12\/Edel-660-_Kribi_-Premiere-visite-de-la-cabine-7-6-screenshot-1024x576.png 1024w, https:\/\/voilierkribi.fr\/wp-content\/uploads\/2021\/12\/Edel-660-_Kribi_-Premiere-visite-de-la-cabine-7-6-screenshot-300x169.png 300w, https:\/\/voilierkribi.fr\/wp-content\/uploads\/2021\/12\/Edel-660-_Kribi_-Premiere-visite-de-la-cabine-7-6-screenshot-768x432.png 768w, https:\/\/voilierkribi.fr\/wp-content\/uploads\/2021\/12\/Edel-660-_Kribi_-Premiere-visite-de-la-cabine-7-6-screenshot-1200x675.png 1200w, https:\/\/voilierkribi.fr\/wp-content\/uploads\/2021\/12\/Edel-660-_Kribi_-Premiere-visite-de-la-cabine-7-6-screenshot.png 1280w\" sizes=\"auto, (max-width: 1024px) 100vw, 1024px\" \/><\/a><\/figure>\n<\/figure>\n\n\n\n<p>Voil\u00e0 qui conclut cet article. Il y aurait encore des choses \u00e0 dire sur les hublots, l&rsquo;\u00e9lingue de grutage&#8230; Pour compl\u00e9ter cette visite, vous pouvez visualiser la vid\u00e9o ci-dessous.<\/p>\n\n\n\n<figure class=\"wp-block-embed is-type-video is-provider-youtube wp-block-embed-youtube wp-embed-aspect-16-9 wp-has-aspect-ratio\"><div class=\"wp-block-embed__wrapper\">\n<iframe loading=\"lazy\"  id=\"_ytid_80276\"  width=\"1200\" height=\"675\"  data-origwidth=\"1200\" data-origheight=\"675\" src=\"https:\/\/www.youtube.com\/embed\/U3SyEqSbtlU?enablejsapi=1&#038;autoplay=0&#038;cc_load_policy=0&#038;cc_lang_pref=&#038;iv_load_policy=1&#038;loop=0&#038;rel=0&#038;fs=1&#038;playsinline=0&#038;autohide=2&#038;theme=dark&#038;color=red&#038;controls=1&#038;disablekb=0&#038;\" class=\"__youtube_prefs__  epyt-is-override  no-lazyload\" title=\"YouTube player\"  allow=\"fullscreen; accelerometer; autoplay; clipboard-write; encrypted-media; gyroscope; picture-in-picture; web-share\" referrerpolicy=\"strict-origin-when-cross-origin\" allowfullscreen data-no-lazy=\"1\" data-skipgform_ajax_framebjll=\"\"><\/iframe>\n<\/div><\/figure>\n","protected":false},"excerpt":{"rendered":"<p><span class=\"span-reading-time rt-reading-time\" style=\"display: block;\"><span class=\"rt-label rt-prefix\">Temps de lecture\u00a0: <\/span> <span class=\"rt-time\"> 4<\/span> <span class=\"rt-label rt-postfix\">minutes<\/span><\/span>Au moment de l&rsquo;achat, la cabine \u00e9tait bien encombr\u00e9e. Premi\u00e8re \u00e9tape : faire le vide Je commence par retirer un maximum du mat\u00e9riel \u00e0 bord &hellip; <\/p>\n","protected":false},"author":1,"featured_media":96,"comment_status":"open","ping_status":"open","sticky":false,"template":"","format":"standard","meta":{"advgb_blocks_editor_width":"","advgb_blocks_columns_visual_guide":"","footnotes":""},"categories":[11],"tags":[],"class_list":["post-172","post","type-post","status-publish","format-standard","has-post-thumbnail","hentry","category-journal"],"author_meta":{"display_name":"Jean","author_link":"https:\/\/voilierkribi.fr\/index.php\/author\/admin7450\/"},"featured_img":"https:\/\/voilierkribi.fr\/wp-content\/uploads\/2021\/12\/2021-11-28-11.26.47-300x142.jpg","coauthors":[],"tax_additional":{"categories":{"linked":["<a href=\"https:\/\/voilierkribi.fr\/index.php\/category\/journal\/\" class=\"advgb-post-tax-term\">Journal<\/a>"],"unlinked":["<span class=\"advgb-post-tax-term\">Journal<\/span>"]}},"comment_count":"3","relative_dates":{"created":"Publi\u00e9 4 ans il y a","modified":"Mis \u00e0 jour 3 ans il y a"},"absolute_dates":{"created":"Publi\u00e9 le 19 d\u00e9cembre 2021","modified":"Mise \u00e0 jour le 19 f\u00e9vrier 2023"},"absolute_dates_time":{"created":"Publi\u00e9 le 19 d\u00e9cembre 2021 0h16","modified":"Mise \u00e0 jour le 19 f\u00e9vrier 2023 11h49"},"featured_img_caption":"","series_order":"","_links":{"self":[{"href":"https:\/\/voilierkribi.fr\/index.php\/wp-json\/wp\/v2\/posts\/172","targetHints":{"allow":["GET"]}}],"collection":[{"href":"https:\/\/voilierkribi.fr\/index.php\/wp-json\/wp\/v2\/posts"}],"about":[{"href":"https:\/\/voilierkribi.fr\/index.php\/wp-json\/wp\/v2\/types\/post"}],"author":[{"embeddable":true,"href":"https:\/\/voilierkribi.fr\/index.php\/wp-json\/wp\/v2\/users\/1"}],"replies":[{"embeddable":true,"href":"https:\/\/voilierkribi.fr\/index.php\/wp-json\/wp\/v2\/comments?post=172"}],"version-history":[{"count":7,"href":"https:\/\/voilierkribi.fr\/index.php\/wp-json\/wp\/v2\/posts\/172\/revisions"}],"predecessor-version":[{"id":562,"href":"https:\/\/voilierkribi.fr\/index.php\/wp-json\/wp\/v2\/posts\/172\/revisions\/562"}],"wp:featuredmedia":[{"embeddable":true,"href":"https:\/\/voilierkribi.fr\/index.php\/wp-json\/wp\/v2\/media\/96"}],"wp:attachment":[{"href":"https:\/\/voilierkribi.fr\/index.php\/wp-json\/wp\/v2\/media?parent=172"}],"wp:term":[{"taxonomy":"category","embeddable":true,"href":"https:\/\/voilierkribi.fr\/index.php\/wp-json\/wp\/v2\/categories?post=172"},{"taxonomy":"post_tag","embeddable":true,"href":"https:\/\/voilierkribi.fr\/index.php\/wp-json\/wp\/v2\/tags?post=172"}],"curies":[{"name":"wp","href":"https:\/\/api.w.org\/{rel}","templated":true}]}}