{"id":1730,"date":"2023-11-06T23:02:00","date_gmt":"2023-11-06T22:02:00","guid":{"rendered":"https:\/\/voilierkribi.fr\/?p=1730"},"modified":"2024-09-17T21:39:56","modified_gmt":"2024-09-17T19:39:56","slug":"saison-2023","status":"publish","type":"post","link":"https:\/\/voilierkribi.fr\/index.php\/2023\/11\/06\/saison-2023\/","title":{"rendered":"Retour sur la saison 2023"},"content":{"rendered":"<div id=\"ez-toc-container\" class=\"ez-toc-v2_0_82_2 counter-hierarchy ez-toc-counter ez-toc-grey ez-toc-container-direction\">\n<div class=\"ez-toc-title-container\">\n<p class=\"ez-toc-title\" style=\"cursor:inherit\">Table des mati\u00e8res <\/p>\n<span class=\"ez-toc-title-toggle\"><a href=\"#\" class=\"ez-toc-pull-right ez-toc-btn ez-toc-btn-xs ez-toc-btn-default ez-toc-toggle\" aria-label=\"Toggle Table of Content\"><span class=\"ez-toc-js-icon-con\"><span class=\"\"><span class=\"eztoc-hide\" style=\"display:none;\">Toggle<\/span><span class=\"ez-toc-icon-toggle-span\"><svg style=\"fill: #999;color:#999\" xmlns=\"http:\/\/www.w3.org\/2000\/svg\" class=\"list-377408\" width=\"20px\" height=\"20px\" viewBox=\"0 0 24 24\" fill=\"none\"><path d=\"M6 6H4v2h2V6zm14 0H8v2h12V6zM4 11h2v2H4v-2zm16 0H8v2h12v-2zM4 16h2v2H4v-2zm16 0H8v2h12v-2z\" fill=\"currentColor\"><\/path><\/svg><svg style=\"fill: #999;color:#999\" class=\"arrow-unsorted-368013\" xmlns=\"http:\/\/www.w3.org\/2000\/svg\" width=\"10px\" height=\"10px\" viewBox=\"0 0 24 24\" version=\"1.2\" baseProfile=\"tiny\"><path d=\"M18.2 9.3l-6.2-6.3-6.2 6.3c-.2.2-.3.4-.3.7s.1.5.3.7c.2.2.4.3.7.3h11c.3 0 .5-.1.7-.3.2-.2.3-.5.3-.7s-.1-.5-.3-.7zM5.8 14.7l6.2 6.3 6.2-6.3c.2-.2.3-.5.3-.7s-.1-.5-.3-.7c-.2-.2-.4-.3-.7-.3h-11c-.3 0-.5.1-.7.3-.2.2-.3.5-.3.7s.1.5.3.7z\"\/><\/svg><\/span><\/span><\/span><\/a><\/span><\/div>\n<nav><ul class='ez-toc-list ez-toc-list-level-1 ' ><li class='ez-toc-page-1 ez-toc-heading-level-3'><a class=\"ez-toc-link ez-toc-heading-1\" href=\"https:\/\/voilierkribi.fr\/index.php\/2023\/11\/06\/saison-2023\/#Objectif_1_Demarrer_la_saison_au_plus_tot_et_naviguer_au_maximum\" >Objectif 1 : D\u00e9marrer la saison au plus t\u00f4t et naviguer au maximum<\/a><\/li><li class='ez-toc-page-1 ez-toc-heading-level-3'><a class=\"ez-toc-link ez-toc-heading-2\" href=\"https:\/\/voilierkribi.fr\/index.php\/2023\/11\/06\/saison-2023\/#Objectif_2_faire_une_regate\" >Objectif 2 : faire une r\u00e9gate<\/a><\/li><li class='ez-toc-page-1 ez-toc-heading-level-3'><a class=\"ez-toc-link ez-toc-heading-3\" href=\"https:\/\/voilierkribi.fr\/index.php\/2023\/11\/06\/saison-2023\/#Objectif_3_Passer_une_nuit_a_bord\" >Objectif 3: Passer une nuit \u00e0 bord<\/a><\/li><li class='ez-toc-page-1 ez-toc-heading-level-3'><a class=\"ez-toc-link ez-toc-heading-4\" href=\"https:\/\/voilierkribi.fr\/index.php\/2023\/11\/06\/saison-2023\/#Objectif_4_remplacer_la_table_manquante\" >Objectif 4 : remplacer la table manquante<\/a><\/li><li class='ez-toc-page-1 ez-toc-heading-level-3'><a class=\"ez-toc-link ez-toc-heading-5\" href=\"https:\/\/voilierkribi.fr\/index.php\/2023\/11\/06\/saison-2023\/#Objectif_5_emmener_du_monde\" >Objectif 5 : emmener du monde<\/a><\/li><\/ul><\/nav><\/div>\n<span class=\"span-reading-time rt-reading-time\" style=\"display: block;\"><span class=\"rt-label rt-prefix\">Temps de lecture\u00a0: <\/span> <span class=\"rt-time\"> 4<\/span> <span class=\"rt-label rt-postfix\">minutes<\/span><\/span>\n<p>Avant de d\u00e9marrer la saison, je m&rsquo;\u00e9tais fix\u00e9 une s\u00e9rie d&rsquo;objectifs pour 2023. Petit retour sur ce qu&rsquo;il a \u00e9t\u00e9 possible de faire.<\/p>\n\n\n\n<h3 class=\"wp-block-heading\"><span class=\"ez-toc-section\" id=\"Objectif_1_Demarrer_la_saison_au_plus_tot_et_naviguer_au_maximum\"><\/span>Objectif 1 : D\u00e9marrer la saison au plus t\u00f4t et naviguer au maximum<span class=\"ez-toc-section-end\"><\/span><\/h3>\n\n\n\n<p>C&rsquo;\u00e9tait ind\u00e9niablement mon objectif prioritaire car c&rsquo;est pour naviguer que j&rsquo;ai acquis Kribi. \u00c7a peut sembler \u00e9vident mais \u00e7a ne l&rsquo;est pas tant que \u00e7a. Poss\u00e9der un bateau est synonyme d&rsquo;entretien et le temps consacr\u00e9 \u00e0 cette activit\u00e9 peut facilement d\u00e9passer le temps sur l&rsquo;eau. En 2022, je n&rsquo;avais pu naviguer que deux mois. En 2023, j&rsquo;ai mis le <a href=\"https:\/\/voilierkribi.fr\/index.php\/2023\/04\/30\/mise-a-leau-2023\/\" data-type=\"post\" data-id=\"1573\">bateau \u00e0 l&rsquo;eau<\/a> fin avril et j&rsquo;ai pu naviguer jusque mi novembre. J&rsquo;ai aussi eu des conditions tr\u00e8s agr\u00e9ables dans l&rsquo;ensemble malgr\u00e9 quelques sorties sous p\u00e9tole. <\/p>\n\n\n\n<figure class=\"wp-block-image size-large\"><img loading=\"lazy\" decoding=\"async\" width=\"1024\" height=\"461\" src=\"https:\/\/voilierkribi.fr\/wp-content\/uploads\/2024\/01\/2023-06-18-16.25.57-1024x461.jpg\" alt=\"\" class=\"wp-image-1734\" srcset=\"https:\/\/voilierkribi.fr\/wp-content\/uploads\/2024\/01\/2023-06-18-16.25.57-1024x461.jpg 1024w, https:\/\/voilierkribi.fr\/wp-content\/uploads\/2024\/01\/2023-06-18-16.25.57-300x135.jpg 300w, https:\/\/voilierkribi.fr\/wp-content\/uploads\/2024\/01\/2023-06-18-16.25.57-768x346.jpg 768w, https:\/\/voilierkribi.fr\/wp-content\/uploads\/2024\/01\/2023-06-18-16.25.57-1536x692.jpg 1536w, https:\/\/voilierkribi.fr\/wp-content\/uploads\/2024\/01\/2023-06-18-16.25.57-2048x922.jpg 2048w\" sizes=\"auto, (max-width: 1024px) 100vw, 1024px\" \/><\/figure>\n\n\n\n<p>J&rsquo;ai r\u00e9duit le temps d&rsquo;appareillage (gr\u00e9ement compris)  \u00e0 1\/4 d&rsquo;heure en solo  contre une demi-heure auparavant. J&rsquo;ai progress\u00e9 c\u00f4t\u00e9 technique de voile m\u00eame si j&rsquo;ai l&rsquo;impression de me rapprocher de mon plafond ; il me faudrait un nouveau challenge pour aller plus loin, \u00e7a tombe bien la r\u00e9gate \u00e9tait l&rsquo;un de mes autres objectifs.<\/p>\n\n\n\n<h3 class=\"wp-block-heading\"><span class=\"ez-toc-section\" id=\"Objectif_2_faire_une_regate\"><\/span>Objectif 2 : faire une r\u00e9gate <span class=\"ez-toc-section-end\"><\/span><\/h3>\n\n\n\n<p>Participer \u00e0 une r\u00e9gate ne s&rsquo;improvise pas. Il faut avoir une couverture assurance ad hoc, des voiles floqu\u00e9es avec son num\u00e9ro, conna\u00eetre les r\u00e8gles de course. Il faut egalement que des r\u00e9gates soient organis\u00e9es et \u00eatre disponible le jour J.<\/p>\n\n\n\n<ul class=\"wp-block-list\">\n<li>C\u00f4t\u00e9 assurance, pas de souci, mon contrat me couvre bien pour la participation aux courses. <\/li>\n\n\n\n<li>Ma grand voile arbore fi\u00e8rement le num\u00e9ro 480 mais j&rsquo;ignore si c&rsquo;est suffisant. <\/li>\n\n\n\n<li>Il y avait durant l&rsquo;ann\u00e9e pas moins de <a href=\"https:\/\/www.ffvoile.fr\/ffv\/sportif\/calendrier\/calendrier.aspx?VosFiltres&amp;ddl_Ligue=789&amp;ddl_CDV=67000&amp;ddl_Club=All&amp;ddl_Calendrier_Resultats=Calendrier&amp;ddl_Periode=-1&amp;tb_DateDebut=06\/01\/2023&amp;tb_DateFin=31\/12\/2023&amp;rb_ResultatAny=True&amp;ddl_Secteur=All&amp;ddl_CodeBateau=OSIR&amp;ddl_Grades=All&amp;ddl_Participation=All&amp;ddl_REM=All&amp;ddl_Forme=All&amp;ddl_Categorie=All&amp;ddl_LimiteRecord=500\">8 comp\u00e9titions pr\u00e9vues<\/a> pour les habitables en s\u00e9rie Osiris mais 5 d&rsquo;entre elles ont \u00e9t\u00e9 annul\u00e9es souvent par manque de vent et une a eu lieu avant la mise \u00e0 l&rsquo;eau de mon bateau. Donc j&rsquo;aurais pu participer \u00e0  deux \u00e9preuves. <\/li>\n<\/ul>\n\n\n\n<p>Je n&rsquo;ai malheureusement pas pu concr\u00e9tiser cette ambition. Pour moi il \u00e9tait inenvisageable de faire une course sans bien conna\u00eetre les r\u00e8gles de course. Mon club L&rsquo;ACAL a organis\u00e9 une r\u00e9union d&rsquo;information sur le sujet mais je n&rsquo;\u00e9tais pas disponible, ce qui a mis un coup de frein \u00e0 mes vell\u00e9it\u00e9s. <\/p>\n\n\n\n<figure class=\"wp-block-image size-large\"><img loading=\"lazy\" decoding=\"async\" width=\"1024\" height=\"576\" src=\"https:\/\/voilierkribi.fr\/wp-content\/uploads\/2024\/01\/VideoCapture_20240106-223316-1024x576.jpg\" alt=\"\" class=\"wp-image-1736\" srcset=\"https:\/\/voilierkribi.fr\/wp-content\/uploads\/2024\/01\/VideoCapture_20240106-223316-1024x576.jpg 1024w, https:\/\/voilierkribi.fr\/wp-content\/uploads\/2024\/01\/VideoCapture_20240106-223316-300x169.jpg 300w, https:\/\/voilierkribi.fr\/wp-content\/uploads\/2024\/01\/VideoCapture_20240106-223316-768x432.jpg 768w, https:\/\/voilierkribi.fr\/wp-content\/uploads\/2024\/01\/VideoCapture_20240106-223316.jpg 1445w\" sizes=\"auto, (max-width: 1024px) 100vw, 1024px\" \/><figcaption class=\"wp-element-caption\">Et pendant ce temps, d&rsquo;autres se r\u00e9galent <\/figcaption><\/figure>\n\n\n\n<div class=\"wp-block-columns is-layout-flex wp-container-core-columns-is-layout-9d6595d7 wp-block-columns-is-layout-flex\">\n<div class=\"wp-block-column is-layout-flow wp-block-column-is-layout-flow\" style=\"flex-basis:100%\">\n<h3 class=\"wp-block-heading\"><span class=\"ez-toc-section\" id=\"Objectif_3_Passer_une_nuit_a_bord\"><\/span>Objectif 3: Passer une nuit \u00e0 bord <span class=\"ez-toc-section-end\"><\/span><\/h3>\n\n\n\n<p>L\u00e0 non plus, la mission n&rsquo;a pas \u00e9t\u00e9 remplie. Depuis que j&rsquo;ai vid\u00e9 le bateau lors du <a href=\"https:\/\/voilierkribi.fr\/index.php\/2022\/04\/29\/le-grand-deballage\/\" data-type=\"post\" data-id=\"433\">grand d\u00e9ballage<\/a>, je n&rsquo;ai remis \u00e0 bord que le strict n\u00e9cessaire.  Il manque tout le mat\u00e9riel de cuisine, les matelas, et  les br\u00fbleurs fonctionnent pas. Il n&rsquo;y a pas non plus d&rsquo;\u00e9lectricit\u00e9 \u00e0 bord. Rien de tout cela n&rsquo;est redhibitoire pour une nuit mais a  ind\u00e9niablement jou\u00e9 et l&rsquo;occasion ne s&rsquo;est pas pr\u00e9sent\u00e9e. <\/p>\n\n\n\n<h3 class=\"wp-block-heading\"><span class=\"ez-toc-section\" id=\"Objectif_4_remplacer_la_table_manquante\"><\/span>Objectif 4 : remplacer la table manquante<span class=\"ez-toc-section-end\"><\/span><\/h3>\n\n\n\n<p>L&rsquo;histoire se r\u00e9p\u00e8te mais ce projet non plus n&rsquo;a pas vu le jour. Il faut dire que ma priorit\u00e9 \u00e9tait clairement de naviguer et j&rsquo;ai pr\u00e9f\u00e9r\u00e9 consacrer le peu de temps dont je disposais pour la voile sur l&rsquo;eau. Faire la table se serait fait au d\u00e9triment de la navigation donc je n&rsquo;ai pas de regret \u00e0 ce niveau.<\/p>\n\n\n\n<p><\/p>\n\n\n\n<h3 class=\"wp-block-heading\"><span class=\"ez-toc-section\" id=\"Objectif_5_emmener_du_monde\"><\/span>Objectif 5 : emmener du monde <span class=\"ez-toc-section-end\"><\/span><\/h3>\n\n\n\n<p>Voil\u00e0 en revanche un objectif qui a \u00e9t\u00e9 atteint et je n&rsquo;en suis pas peu fier ! D&rsquo;abord j&rsquo;ai pu embarquer toute ma petite famille une apr\u00e8s-midi, premier pas timide mais important pour transmettre ma passion. Et surtout, pas mal de monde a navigu\u00e9 avec moi sur Kribi. En tout c&rsquo;est plus d&rsquo;une quinzaine de personnes qui ont \u00e9trenn\u00e9 le bateau, et cela dans de belles conditions. Les vir\u00e9es avec mon a\u00een\u00e9 etaient memorables quant \u00e0 Felix,  du haut de ses 4 ans, il a d\u00e9j\u00e0 le pied marin !<\/p>\n\n\n\n<figure class=\"wp-block-gallery has-nested-images columns-1 is-cropped wp-block-gallery-1 is-layout-flex wp-block-gallery-is-layout-flex\">\n<figure class=\"wp-block-image size-large\"><a href=\"https:\/\/voilierkribi.fr\/wp-content\/uploads\/2024\/01\/20230528_161524-scaled.jpg\"><img loading=\"lazy\" decoding=\"async\" width=\"1024\" height=\"461\" data-id=\"1737\" src=\"https:\/\/voilierkribi.fr\/wp-content\/uploads\/2024\/01\/20230528_161524-1024x461.jpg\" alt=\"\" class=\"wp-image-1737\" srcset=\"https:\/\/voilierkribi.fr\/wp-content\/uploads\/2024\/01\/20230528_161524-1024x461.jpg 1024w, https:\/\/voilierkribi.fr\/wp-content\/uploads\/2024\/01\/20230528_161524-300x135.jpg 300w, https:\/\/voilierkribi.fr\/wp-content\/uploads\/2024\/01\/20230528_161524-768x346.jpg 768w, https:\/\/voilierkribi.fr\/wp-content\/uploads\/2024\/01\/20230528_161524-1536x692.jpg 1536w, https:\/\/voilierkribi.fr\/wp-content\/uploads\/2024\/01\/20230528_161524-2048x922.jpg 2048w\" sizes=\"auto, (max-width: 1024px) 100vw, 1024px\" \/><\/a><\/figure>\n\n\n\n<figure class=\"wp-block-image size-large\"><a href=\"https:\/\/voilierkribi.fr\/wp-content\/uploads\/2024\/01\/20230716_122103-scaled.jpg\"><img loading=\"lazy\" decoding=\"async\" width=\"1024\" height=\"461\" data-id=\"1739\" src=\"https:\/\/voilierkribi.fr\/wp-content\/uploads\/2024\/01\/20230716_122103-1024x461.jpg\" alt=\"\" class=\"wp-image-1739\" srcset=\"https:\/\/voilierkribi.fr\/wp-content\/uploads\/2024\/01\/20230716_122103-1024x461.jpg 1024w, https:\/\/voilierkribi.fr\/wp-content\/uploads\/2024\/01\/20230716_122103-300x135.jpg 300w, https:\/\/voilierkribi.fr\/wp-content\/uploads\/2024\/01\/20230716_122103-768x346.jpg 768w, https:\/\/voilierkribi.fr\/wp-content\/uploads\/2024\/01\/20230716_122103-1536x692.jpg 1536w, https:\/\/voilierkribi.fr\/wp-content\/uploads\/2024\/01\/20230716_122103-2048x922.jpg 2048w\" sizes=\"auto, (max-width: 1024px) 100vw, 1024px\" \/><\/a><\/figure>\n\n\n\n<figure class=\"wp-block-image size-large\"><a href=\"https:\/\/voilierkribi.fr\/wp-content\/uploads\/2024\/01\/20230924_155922-scaled.jpg\"><img loading=\"lazy\" decoding=\"async\" width=\"1024\" height=\"461\" data-id=\"1740\" src=\"https:\/\/voilierkribi.fr\/wp-content\/uploads\/2024\/01\/20230924_155922-1024x461.jpg\" alt=\"\" class=\"wp-image-1740\" srcset=\"https:\/\/voilierkribi.fr\/wp-content\/uploads\/2024\/01\/20230924_155922-1024x461.jpg 1024w, https:\/\/voilierkribi.fr\/wp-content\/uploads\/2024\/01\/20230924_155922-300x135.jpg 300w, https:\/\/voilierkribi.fr\/wp-content\/uploads\/2024\/01\/20230924_155922-768x346.jpg 768w, https:\/\/voilierkribi.fr\/wp-content\/uploads\/2024\/01\/20230924_155922-1536x692.jpg 1536w, https:\/\/voilierkribi.fr\/wp-content\/uploads\/2024\/01\/20230924_155922-2048x922.jpg 2048w\" sizes=\"auto, (max-width: 1024px) 100vw, 1024px\" \/><\/a><\/figure>\n<\/figure>\n<\/div>\n<\/div>\n\n\n<div class=\"wp-block-image\">\n<figure class=\"aligncenter size-large is-resized\"><img loading=\"lazy\" decoding=\"async\" src=\"https:\/\/voilierkribi.fr\/wp-content\/uploads\/2024\/01\/20230624_163336-461x1024.jpg\" alt=\"\" class=\"wp-image-1738\" width=\"346\" height=\"768\" srcset=\"https:\/\/voilierkribi.fr\/wp-content\/uploads\/2024\/01\/20230624_163336-461x1024.jpg 461w, https:\/\/voilierkribi.fr\/wp-content\/uploads\/2024\/01\/20230624_163336-135x300.jpg 135w, https:\/\/voilierkribi.fr\/wp-content\/uploads\/2024\/01\/20230624_163336-768x1705.jpg 768w, https:\/\/voilierkribi.fr\/wp-content\/uploads\/2024\/01\/20230624_163336-692x1536.jpg 692w, https:\/\/voilierkribi.fr\/wp-content\/uploads\/2024\/01\/20230624_163336-922x2048.jpg 922w, https:\/\/voilierkribi.fr\/wp-content\/uploads\/2024\/01\/20230624_163336-scaled.jpg 1153w\" sizes=\"auto, (max-width: 346px) 100vw, 346px\" \/><\/figure><\/div>\n\n\n<p>Au final, m\u00eame si je n&rsquo;ai atteint que 2 objectifs sur 5, je suis tr\u00e8s heureux du bilan 2023 et c&rsquo;est plein d&rsquo;envie que j&rsquo;aborde la nouvelle ann\u00e9e. <\/p>\n\n\n\n<p>il \u00e9tait une fois&#8230; Kribi<\/p>\n\n\n\n<figure class=\"wp-block-embed is-type-video is-provider-youtube wp-block-embed-youtube wp-embed-aspect-16-9 wp-has-aspect-ratio\"><div class=\"wp-block-embed__wrapper\">\n<iframe loading=\"lazy\"  id=\"_ytid_75137\"  width=\"1200\" height=\"675\"  data-origwidth=\"1200\" data-origheight=\"675\" src=\"https:\/\/www.youtube.com\/embed\/oZiXvaUjAC8?enablejsapi=1&#038;autoplay=0&#038;cc_load_policy=0&#038;cc_lang_pref=&#038;iv_load_policy=1&#038;loop=0&#038;rel=0&#038;fs=1&#038;playsinline=0&#038;autohide=2&#038;theme=dark&#038;color=red&#038;controls=1&#038;disablekb=0&#038;\" class=\"__youtube_prefs__  epyt-is-override  no-lazyload\" title=\"YouTube player\"  allow=\"fullscreen; accelerometer; autoplay; clipboard-write; encrypted-media; gyroscope; picture-in-picture; web-share\" referrerpolicy=\"strict-origin-when-cross-origin\" allowfullscreen data-no-lazy=\"1\" data-skipgform_ajax_framebjll=\"\"><\/iframe>\n<\/div><\/figure>\n","protected":false},"excerpt":{"rendered":"<p><span class=\"span-reading-time rt-reading-time\" style=\"display: block;\"><span class=\"rt-label rt-prefix\">Temps de lecture\u00a0: <\/span> <span class=\"rt-time\"> 4<\/span> <span class=\"rt-label rt-postfix\">minutes<\/span><\/span>Avant de d\u00e9marrer la saison, je m&rsquo;\u00e9tais fix\u00e9 une s\u00e9rie d&rsquo;objectifs pour 2023. Petit retour sur ce qu&rsquo;il a \u00e9t\u00e9 possible de faire. Objectif 1 &hellip; <\/p>\n","protected":false},"author":1,"featured_media":1793,"comment_status":"open","ping_status":"closed","sticky":false,"template":"","format":"standard","meta":{"advgb_blocks_editor_width":"","advgb_blocks_columns_visual_guide":"","footnotes":""},"categories":[11],"tags":[],"class_list":["post-1730","post","type-post","status-publish","format-standard","has-post-thumbnail","hentry","category-journal"],"author_meta":{"display_name":"Jean","author_link":"https:\/\/voilierkribi.fr\/index.php\/author\/admin7450\/"},"featured_img":"https:\/\/voilierkribi.fr\/wp-content\/uploads\/2023\/11\/2023-10-14-17.35.01_000141-300x135.png","coauthors":[],"tax_additional":{"categories":{"linked":["<a href=\"https:\/\/voilierkribi.fr\/index.php\/category\/journal\/\" class=\"advgb-post-tax-term\">Journal<\/a>"],"unlinked":["<span class=\"advgb-post-tax-term\">Journal<\/span>"]}},"comment_count":"0","relative_dates":{"created":"Publi\u00e9 2 ans il y a","modified":"Mis \u00e0 jour 2 ans il y a"},"absolute_dates":{"created":"Publi\u00e9 le 6 novembre 2023","modified":"Mise \u00e0 jour le 17 septembre 2024"},"absolute_dates_time":{"created":"Publi\u00e9 le 6 novembre 2023 23h02","modified":"Mise \u00e0 jour le 17 septembre 2024 21h39"},"featured_img_caption":"","series_order":"","_links":{"self":[{"href":"https:\/\/voilierkribi.fr\/index.php\/wp-json\/wp\/v2\/posts\/1730","targetHints":{"allow":["GET"]}}],"collection":[{"href":"https:\/\/voilierkribi.fr\/index.php\/wp-json\/wp\/v2\/posts"}],"about":[{"href":"https:\/\/voilierkribi.fr\/index.php\/wp-json\/wp\/v2\/types\/post"}],"author":[{"embeddable":true,"href":"https:\/\/voilierkribi.fr\/index.php\/wp-json\/wp\/v2\/users\/1"}],"replies":[{"embeddable":true,"href":"https:\/\/voilierkribi.fr\/index.php\/wp-json\/wp\/v2\/comments?post=1730"}],"version-history":[{"count":10,"href":"https:\/\/voilierkribi.fr\/index.php\/wp-json\/wp\/v2\/posts\/1730\/revisions"}],"predecessor-version":[{"id":1795,"href":"https:\/\/voilierkribi.fr\/index.php\/wp-json\/wp\/v2\/posts\/1730\/revisions\/1795"}],"wp:featuredmedia":[{"embeddable":true,"href":"https:\/\/voilierkribi.fr\/index.php\/wp-json\/wp\/v2\/media\/1793"}],"wp:attachment":[{"href":"https:\/\/voilierkribi.fr\/index.php\/wp-json\/wp\/v2\/media?parent=1730"}],"wp:term":[{"taxonomy":"category","embeddable":true,"href":"https:\/\/voilierkribi.fr\/index.php\/wp-json\/wp\/v2\/categories?post=1730"},{"taxonomy":"post_tag","embeddable":true,"href":"https:\/\/voilierkribi.fr\/index.php\/wp-json\/wp\/v2\/tags?post=1730"}],"curies":[{"name":"wp","href":"https:\/\/api.w.org\/{rel}","templated":true}]}}