{"id":2040,"date":"2024-07-07T22:14:12","date_gmt":"2024-07-07T20:14:12","guid":{"rendered":"https:\/\/voilierkribi.fr\/?p=2040"},"modified":"2025-02-08T20:50:57","modified_gmt":"2025-02-08T19:50:57","slug":"infortune-de-terre","status":"publish","type":"post","link":"https:\/\/voilierkribi.fr\/index.php\/2024\/07\/07\/infortune-de-terre\/","title":{"rendered":"Infortune de terre"},"content":{"rendered":"<span class=\"span-reading-time rt-reading-time\" style=\"display: block;\"><span class=\"rt-label rt-prefix\">Temps de lecture\u00a0: <\/span> <span class=\"rt-time\"> 2<\/span> <span class=\"rt-label rt-postfix\">minutes<\/span><\/span>\n<p>La gravit\u00e9 terrestre s&rsquo;est rappel\u00e9e \u00e0 moi subitement.<\/p>\n\n\n\n<p>Le 27 avril, alors que je circulais \u00e0 v\u00e9lo sur une piste cyclable d\u00e9tremp\u00e9e par les r\u00e9cents orages, j&rsquo;ai perdu l&rsquo;adh\u00e9rence de la roue avant dans un virage (negoci\u00e9 un peu trop vite, je dois le reconna\u00eetre) et j&rsquo;ai chut\u00e9 brutalement.<\/p>\n\n\n\n<p>Cette m\u00e9saventure s&rsquo;est sold\u00e9e par une fracture de la cheville. J&rsquo;ai d\u00fb subir une operation chirurgicale et la pose d&rsquo;une plaque avec immobilisation de la jambe pendant 7 semaines.<\/p>\n\n\n<div class=\"wp-block-image\">\n<figure class=\"aligncenter size-medium is-resized\"><img loading=\"lazy\" decoding=\"async\" width=\"169\" height=\"300\" src=\"https:\/\/voilierkribi.fr\/wp-content\/uploads\/2024\/09\/1000003654-169x300.jpg\" alt=\"\" class=\"wp-image-2043\" style=\"width:235px;height:auto\" srcset=\"https:\/\/voilierkribi.fr\/wp-content\/uploads\/2024\/09\/1000003654-169x300.jpg 169w, https:\/\/voilierkribi.fr\/wp-content\/uploads\/2024\/09\/1000003654-576x1024.jpg 576w, https:\/\/voilierkribi.fr\/wp-content\/uploads\/2024\/09\/1000003654-768x1365.jpg 768w, https:\/\/voilierkribi.fr\/wp-content\/uploads\/2024\/09\/1000003654-864x1536.jpg 864w, https:\/\/voilierkribi.fr\/wp-content\/uploads\/2024\/09\/1000003654-1152x2048.jpg 1152w, https:\/\/voilierkribi.fr\/wp-content\/uploads\/2024\/09\/1000003654-scaled.jpg 1440w\" sizes=\"auto, (max-width: 169px) 100vw, 169px\" \/><\/figure><\/div>\n\n\n<p>Autant dire que l&rsquo;activit\u00e9 voile a d\u00fb passer au second plan et mes beaux projets pour la saison avec. Et une fois le pl\u00e2tre retir\u00e9, il m&rsquo;a encore fallu pr\u00e8s d&rsquo;un mois suppl\u00e9mentaire pour tenir suffisamment sur mes jambes pour pouvoir quitter la terre ferme.<\/p>\n\n\n\n<p>Pendant ces 2 mois et demi loin du plan d&rsquo;eau, je me suis fait un sang d&rsquo;encre pour l&rsquo;ami Kribi. Quand je l&rsquo;avais quitt\u00e9 la derni\u00e8re fois avant mon accident, je n&rsquo;imaginais pas que ce serait pour une dur\u00e9e aussi longue et je ne l&rsquo;avais pas pr\u00e9par\u00e9 comme il l&rsquo;aurait fallu.<\/p>\n\n\n\n<ul class=\"wp-block-list\">\n<li>Son amarre allait-t-elle tenir ou bien est ce que j&rsquo;allais recevoir un appel m&rsquo;informant que Kribi avait \u00e9t\u00e9 dross\u00e9 contre la digue du Rhin et avait fini par couler corps et biens ?<\/li>\n\n\n\n<li>Avec les multiples pr\u00e9cipitations, l&rsquo;eau allait-elle s&rsquo;infiltrer et faire moisir tout l&rsquo;int\u00e9rieur de la cabine, voiles comprises ?<\/li>\n\n\n\n<li>L&rsquo;enrouleur de g\u00e9nois n&rsquo;allait-il pas l\u00e2cher, lib\u00e9rant la voile et transformant Kribi en bateau fou tirant sur son amarre et percutant les bateaux voisins ?<\/li>\n<\/ul>\n\n\n\n<p>Lorsqu&rsquo;enfin, le 7 juillet je peux remonter \u00e0 bord, le soulagement est grand. A part une amarre entortill\u00e9e et un palan de grand voile dont la manille a l\u00e2ch\u00e9, rien de remarquable.<\/p>\n\n\n\n<div class=\"wp-block-advgb-images-slider advgb-images-slider-block advgb-images-slider-lightbox advg-images-slider-86c54751-261d-4881-b1b7-a81c52782f72\"><div class=\"advgb-images-slider\" dir=\"ltr\"><div class=\"advgb-image-slider-item\"><img decoding=\"async\" src=\"https:\/\/voilierkribi.fr\/wp-content\/uploads\/2024\/09\/20240707_120607-scaled.jpg\" class=\"advgb-image-slider-img\" alt=\"\" style=\"width:100%;height:auto\"\/><div class=\"advgb-image-slider-item-info\" style=\"justify-content:center;align-items:center\"><a class=\"advgb-image-slider-overlay\" target=\"_blank\" rel=\"noopener noreferrer\" href=\"#\"><\/a><\/div><\/div><\/div><\/div>\n\n\n\n<p> Si, beaucoup de crasse sur le pont et une peur, r\u00e9trospective celle l\u00e0 : sans palan pour la retenir, la b\u00f4me aurait pu occasionner de gros d\u00e9g\u00e2ts en battant contre les haubans&#8230;<\/p>\n\n\n\n<p>A l&rsquo;int\u00e9rieur de la cabine, un beau bazar li\u00e9 aux mouvements du bateau pendant 10 semaines mais aucune casse.<\/p>\n\n\n\n<blockquote class=\"wp-block-quote is-layout-flow wp-block-quote-is-layout-flow\">\n<p>Pfiouu ! On l&rsquo;a \u00e9chapp\u00e9 belle !<\/p>\n<\/blockquote>\n\n\n\n<p>S&rsquo;en suit une grosse s\u00e9ance de nettoyage et de remise en s\u00e9curit\u00e9 du bateau car je ne retouverai Kribi que dans un mois &#8211; eh oui, les vacances d\u00e9marrent &#8211; il ne s&rsquo;agirait pas que quelque chose survienne pendant cette nouvelle absence. Je repars, non sans avoir v\u00e9rifi\u00e9 \u00e0 plusieurs reprises l&rsquo;amarre de Kribi.<\/p>\n\n\n\n<p><\/p>\n","protected":false},"excerpt":{"rendered":"<p><span class=\"span-reading-time rt-reading-time\" style=\"display: block;\"><span class=\"rt-label rt-prefix\">Temps de lecture\u00a0: <\/span> <span class=\"rt-time\"> 2<\/span> <span class=\"rt-label rt-postfix\">minutes<\/span><\/span>La gravit\u00e9 terrestre s&rsquo;est rappel\u00e9e \u00e0 moi subitement. Le 27 avril, alors que je circulais \u00e0 v\u00e9lo sur une piste cyclable d\u00e9tremp\u00e9e par les r\u00e9cents &hellip; <\/p>\n","protected":false},"author":1,"featured_media":2051,"comment_status":"open","ping_status":"closed","sticky":false,"template":"","format":"standard","meta":{"advgb_blocks_editor_width":"","advgb_blocks_columns_visual_guide":"","footnotes":""},"categories":[11],"tags":[],"class_list":["post-2040","post","type-post","status-publish","format-standard","has-post-thumbnail","hentry","category-journal"],"author_meta":{"display_name":"Jean","author_link":"https:\/\/voilierkribi.fr\/index.php\/author\/admin7450\/"},"featured_img":"https:\/\/voilierkribi.fr\/wp-content\/uploads\/2024\/07\/20240509_160352bis-300x251.jpg","coauthors":[],"tax_additional":{"categories":{"linked":["<a href=\"https:\/\/voilierkribi.fr\/index.php\/category\/journal\/\" class=\"advgb-post-tax-term\">Journal<\/a>"],"unlinked":["<span class=\"advgb-post-tax-term\">Journal<\/span>"]}},"comment_count":"0","relative_dates":{"created":"Publi\u00e9 2 ans il y a","modified":"Mis \u00e0 jour 1 an il y a"},"absolute_dates":{"created":"Publi\u00e9 le 7 juillet 2024","modified":"Mise \u00e0 jour le 8 f\u00e9vrier 2025"},"absolute_dates_time":{"created":"Publi\u00e9 le 7 juillet 2024 22h14","modified":"Mise \u00e0 jour le 8 f\u00e9vrier 2025 20h50"},"featured_img_caption":"","series_order":"","_links":{"self":[{"href":"https:\/\/voilierkribi.fr\/index.php\/wp-json\/wp\/v2\/posts\/2040","targetHints":{"allow":["GET"]}}],"collection":[{"href":"https:\/\/voilierkribi.fr\/index.php\/wp-json\/wp\/v2\/posts"}],"about":[{"href":"https:\/\/voilierkribi.fr\/index.php\/wp-json\/wp\/v2\/types\/post"}],"author":[{"embeddable":true,"href":"https:\/\/voilierkribi.fr\/index.php\/wp-json\/wp\/v2\/users\/1"}],"replies":[{"embeddable":true,"href":"https:\/\/voilierkribi.fr\/index.php\/wp-json\/wp\/v2\/comments?post=2040"}],"version-history":[{"count":8,"href":"https:\/\/voilierkribi.fr\/index.php\/wp-json\/wp\/v2\/posts\/2040\/revisions"}],"predecessor-version":[{"id":2117,"href":"https:\/\/voilierkribi.fr\/index.php\/wp-json\/wp\/v2\/posts\/2040\/revisions\/2117"}],"wp:featuredmedia":[{"embeddable":true,"href":"https:\/\/voilierkribi.fr\/index.php\/wp-json\/wp\/v2\/media\/2051"}],"wp:attachment":[{"href":"https:\/\/voilierkribi.fr\/index.php\/wp-json\/wp\/v2\/media?parent=2040"}],"wp:term":[{"taxonomy":"category","embeddable":true,"href":"https:\/\/voilierkribi.fr\/index.php\/wp-json\/wp\/v2\/categories?post=2040"},{"taxonomy":"post_tag","embeddable":true,"href":"https:\/\/voilierkribi.fr\/index.php\/wp-json\/wp\/v2\/tags?post=2040"}],"curies":[{"name":"wp","href":"https:\/\/api.w.org\/{rel}","templated":true}]}}