{"id":328,"date":"2022-04-01T17:43:10","date_gmt":"2022-04-01T15:43:10","guid":{"rendered":"https:\/\/voilierkribi.fr\/?p=328"},"modified":"2023-04-28T11:38:58","modified_gmt":"2023-04-28T09:38:58","slug":"la-voile-sur-la-toile","status":"publish","type":"post","link":"https:\/\/voilierkribi.fr\/index.php\/2022\/04\/01\/la-voile-sur-la-toile\/","title":{"rendered":"La voile sur la toile"},"content":{"rendered":"<div id=\"ez-toc-container\" class=\"ez-toc-v2_0_82_2 counter-hierarchy ez-toc-counter ez-toc-grey ez-toc-container-direction\">\n<div class=\"ez-toc-title-container\">\n<p class=\"ez-toc-title\" style=\"cursor:inherit\">Table des mati\u00e8res <\/p>\n<span class=\"ez-toc-title-toggle\"><a href=\"#\" class=\"ez-toc-pull-right ez-toc-btn ez-toc-btn-xs ez-toc-btn-default ez-toc-toggle\" aria-label=\"Toggle Table of Content\"><span class=\"ez-toc-js-icon-con\"><span class=\"\"><span class=\"eztoc-hide\" style=\"display:none;\">Toggle<\/span><span class=\"ez-toc-icon-toggle-span\"><svg style=\"fill: #999;color:#999\" xmlns=\"http:\/\/www.w3.org\/2000\/svg\" class=\"list-377408\" width=\"20px\" height=\"20px\" viewBox=\"0 0 24 24\" fill=\"none\"><path d=\"M6 6H4v2h2V6zm14 0H8v2h12V6zM4 11h2v2H4v-2zm16 0H8v2h12v-2zM4 16h2v2H4v-2zm16 0H8v2h12v-2z\" fill=\"currentColor\"><\/path><\/svg><svg style=\"fill: #999;color:#999\" class=\"arrow-unsorted-368013\" xmlns=\"http:\/\/www.w3.org\/2000\/svg\" width=\"10px\" height=\"10px\" viewBox=\"0 0 24 24\" version=\"1.2\" baseProfile=\"tiny\"><path d=\"M18.2 9.3l-6.2-6.3-6.2 6.3c-.2.2-.3.4-.3.7s.1.5.3.7c.2.2.4.3.7.3h11c.3 0 .5-.1.7-.3.2-.2.3-.5.3-.7s-.1-.5-.3-.7zM5.8 14.7l6.2 6.3 6.2-6.3c.2-.2.3-.5.3-.7s-.1-.5-.3-.7c-.2-.2-.4-.3-.7-.3h-11c-.3 0-.5.1-.7.3-.2.2-.3.5-.3.7s.1.5.3.7z\"\/><\/svg><\/span><\/span><\/span><\/a><\/span><\/div>\n<nav><ul class='ez-toc-list ez-toc-list-level-1 ' ><li class='ez-toc-page-1 ez-toc-heading-level-1'><a class=\"ez-toc-link ez-toc-heading-1\" href=\"https:\/\/voilierkribi.fr\/index.php\/2022\/04\/01\/la-voile-sur-la-toile\/#Les_sites\" >Les sites<\/a><\/li><li class='ez-toc-page-1 ez-toc-heading-level-1'><a class=\"ez-toc-link ez-toc-heading-2\" href=\"https:\/\/voilierkribi.fr\/index.php\/2022\/04\/01\/la-voile-sur-la-toile\/#Les_chaines_Youtube\" >Les cha\u00eenes Youtube<\/a><\/li><li class='ez-toc-page-1 ez-toc-heading-level-1'><a class=\"ez-toc-link ez-toc-heading-3\" href=\"https:\/\/voilierkribi.fr\/index.php\/2022\/04\/01\/la-voile-sur-la-toile\/#Les_blogs_sur_lEdel_6\" >Les blogs sur l&rsquo;Edel 6<\/a><\/li><\/ul><\/nav><\/div>\n<span class=\"span-reading-time rt-reading-time\" style=\"display: block;\"><span class=\"rt-label rt-prefix\">Temps de lecture\u00a0: <\/span> <span class=\"rt-time\"> 3<\/span> <span class=\"rt-label rt-postfix\">minutes<\/span><\/span>\n<p>Petite s\u00e9lection non exhaustive de sites que je consulte r\u00e9guli\u00e8rement.<\/p>\n\n\n\n<h1 class=\"wp-block-heading\"><span class=\"ez-toc-section\" id=\"Les_sites\"><\/span>Les sites <span class=\"ez-toc-section-end\"><\/span><\/h1>\n\n\n\n<figure class=\"wp-block-image is-resized\"><img loading=\"lazy\" decoding=\"async\" src=\"https:\/\/voilierkribi.fr\/wp-content\/uploads\/2023\/02\/Opera-Instantane_2023-02-03_163616_www.edelvoilier.org_-1024x741.png\" alt=\"\" width=\"256\" height=\"185\"\/><\/figure>\n\n\n\n<p><a href=\"https:\/\/www.edelvoilier.org\/\">https:\/\/www.edelvoilier.org<\/a><br>Le site des passionn\u00e9s des voiliers EDEL.<br>Une mine d&rsquo;or \u00e0 ciel ouvert pour les propri\u00e9taires de bateaux EDEL et de petits croiseurs en g\u00e9n\u00e9ral. Le site est anim\u00e9 par une communaut\u00e9 dynamique, on y trouve \u00e9norm\u00e9ment d&rsquo;infos et des tutoriels tr\u00e8s d\u00e9taill\u00e9s.<br>Et en plus l&rsquo;ambiance est top, les conseils avis\u00e9s et ils organisent m\u00eame des sorties ! Que demander de plus ?<\/p>\n\n\n\n<p><\/p>\n\n\n\n<figure class=\"wp-block-image is-resized\"><img loading=\"lazy\" decoding=\"async\" src=\"https:\/\/voilierkribi.fr\/wp-content\/uploads\/2023\/02\/cropped-logo-mersetbateaux-1.jpg\" alt=\"\" width=\"413\" height=\"64\"\/><\/figure>\n\n\n\n<p><a href=\"https:\/\/mersetbateaux.com\/\">https:\/\/mersetbateaux.com<\/a><br>Un blog g\u00e9n\u00e9raliste, efficace, int\u00e9ressant et vari\u00e9.<br>Beaucoup de dossiers pratiques. <\/p>\n\n\n\n<p>Chapeau \u00e0 Ronan pour son travail<\/p>\n\n\n\n<p><\/p>\n\n\n\n<figure class=\"wp-block-image is-resized\"><img loading=\"lazy\" decoding=\"async\" src=\"https:\/\/voilierkribi.fr\/wp-content\/uploads\/2023\/02\/telecharge.png\" alt=\"\" class=\"wp-image-455\" width=\"113\" height=\"113\" srcset=\"https:\/\/voilierkribi.fr\/wp-content\/uploads\/2023\/02\/telecharge.png 225w, https:\/\/voilierkribi.fr\/wp-content\/uploads\/2023\/02\/telecharge-150x150.png 150w\" sizes=\"auto, (max-width: 113px) 100vw, 113px\" \/><\/figure>\n\n\n\n<p><a href=\"https:\/\/www.hisse-et-oh.com\/\">https:\/\/www.hisse-et-oh.com<br><\/a>Une r\u00e9f\u00e9rence. Les forums de hisse et oh rassemblent une \u00e9norme communaut\u00e9, avec des \u00e9changes riches ; on y apprend toujours quelque chose.<\/p>\n\n\n\n<p><\/p>\n\n\n\n<p><\/p>\n\n\n\n<figure class=\"wp-block-image\"><img loading=\"lazy\" decoding=\"async\" width=\"120\" height=\"90\" src=\"https:\/\/voilierkribi.fr\/wp-content\/uploads\/2023\/02\/bateau.jpg\" alt=\"\" class=\"wp-image-457\"\/><\/figure>\n\n\n\n<p><a href=\"https:\/\/bateau.ouest-atlantis.com\/\">https:\/\/bateau.ouest-atlantis.com<\/a><br><em>Choisir un bateau. <\/em><\/p>\n\n\n\n<p><em>Voila un site particuli\u00e8rement \u00ab\u00a0old school\u00a0\u00bb qui sent bon le web 1.0 \ud83d\ude09<br>Il n&rsquo;est pas <em>responsive <\/em>et donc p\u00e9nible \u00e0 consulter sur smartphone, les possibilit\u00e9s de filtre \/ tri sont limit\u00e9es mais si on met de c\u00f4t\u00e9 la forme, le fond lui est excellent. On peut identifier facilement les voiliers qui correspondent \u00e0 des crit\u00e8res de dimensions, poids, voilure etc. et les comparer \u00e0 d&rsquo;autres voiliers similaires. Il m&rsquo;a \u00e9t\u00e9 particuli\u00e8rement utile pour trouver les voiliers satisfaisants \u00e0 mon cahier des charges au moment de l&rsquo;achat.<\/em><br><\/p>\n\n\n\n<h1 class=\"wp-block-heading\"><span class=\"ez-toc-section\" id=\"Les_chaines_Youtube\"><\/span>Les cha\u00eenes Youtube<span class=\"ez-toc-section-end\"><\/span><\/h1>\n\n\n\n<p>Les cha\u00eenes Youtube d\u00e9di\u00e9es \u00e0 la voile ne manquent pas et  il y a \u00e0 manger et \u00e0 boire avec suffisamment de diversit\u00e9 pour que chacun s&rsquo;y retrouve. Voici quelques unes que j&rsquo;ai l&rsquo;habitude de consulter.<\/p>\n\n\n\n<figure class=\"wp-block-image\"><img decoding=\"async\" src=\"https:\/\/voilierkribi.fr\/wp-content\/uploads\/2022\/12\/image_2022-12-26_163408410.png\" alt=\"\"\/><\/figure>\n\n\n\n<p><a rel=\"noreferrer noopener\" href=\"https:\/\/www.youtube.com\/@PositiveDreamsProduction\" target=\"_blank\">Positive dream production<\/a><\/p>\n\n\n\n<p>Un couple attachant qui partage ses aventures marines : bricolage, navigation, d\u00e9couverte, le tout avec simplicit\u00e9 et humilit\u00e9.<\/p>\n\n\n\n<p><\/p>\n\n\n\n<p><\/p>\n\n\n\n<figure class=\"wp-block-image is-resized\"><img decoding=\"async\" src=\"https:\/\/voilierkribi.fr\/wp-content\/uploads\/2022\/12\/image_2022-12-26_164037090.png\" alt=\"\" width=\"242\"\/><\/figure>\n\n\n\n<p><a rel=\"noreferrer noopener\" href=\"https:\/\/www.youtube.com\/channel\/UCBjP9dVvGGIL_JgYnK4v1tQ\/videos\" target=\"_blank\">Oukiva<\/a><\/p>\n\n\n\n<p>Un papa et sa famille dans l&rsquo;Atlantique : travaux, excursions&#8230; Plus de 400 vid\u00e9os.<br>La chaine est malheureusement arr\u00eat\u00e9e depuis un moment d\u00e9j\u00e0<\/p>\n\n\n\n<p><\/p>\n\n\n\n<p><\/p>\n\n\n\n<h1 class=\"wp-block-heading\"><span class=\"ez-toc-section\" id=\"Les_blogs_sur_lEdel_6\"><\/span>Les blogs sur l&rsquo;Edel 6<span class=\"ez-toc-section-end\"><\/span><\/h1>\n\n\n\n<p>C&rsquo;est ma cat\u00e9gorie pr\u00e9f\u00e9r\u00e9e, la plus sp\u00e9cialis\u00e9e sur ce bateau, o\u00f9 on embarque virtuellement avec des propri\u00e9taires passionn\u00e9s et o\u00f9 on partage leur quotidien : travaux, projets, navigations, fortunes de mer &#8230; H\u00e9las la plupart de ces blogs sont d\u00e9sormais inactifs.<\/p>\n\n\n\n<div class=\"wp-block-media-text alignwide is-stacked-on-mobile is-vertically-aligned-top is-image-fill\"><figure class=\"wp-block-media-text__media\" style=\"background-image:url(https:\/\/voilierkribi.fr\/wp-content\/uploads\/2022\/12\/Leman-2013-424.jpg);background-position:48% 74%\"><a href=\"http:\/\/voilier-tyrone.blogspot.com\/?m=1\"><img loading=\"lazy\" decoding=\"async\" width=\"620\" height=\"465\" src=\"https:\/\/voilierkribi.fr\/wp-content\/uploads\/2022\/12\/Leman-2013-424.jpg\" alt=\"\" class=\"wp-image-449 size-full\" srcset=\"https:\/\/voilierkribi.fr\/wp-content\/uploads\/2022\/12\/Leman-2013-424.jpg 620w, https:\/\/voilierkribi.fr\/wp-content\/uploads\/2022\/12\/Leman-2013-424-300x225.jpg 300w, https:\/\/voilierkribi.fr\/wp-content\/uploads\/2022\/12\/Leman-2013-424-400x300.jpg 400w\" sizes=\"auto, (max-width: 620px) 100vw, 620px\" \/><\/a><\/figure><div class=\"wp-block-media-text__content\">\n<p class=\"has-large-font-size\"><a href=\"http:\/\/voilier-tyrone.blogspot.com\/?m=1\" target=\"_blank\" rel=\"noreferrer noopener\">Voilier Tyrone<\/a><\/p>\n\n\n\n<p>Blog actif de 2012 \u00e0 2014, le parcours d&rsquo;une \u00ab\u00a0petite famille sur un petit voilier \u00ab\u00a0. Le contenu est riche, des astuces pour les travaux et des r\u00e9cits de navigation. Tyrone naviguait sur le plan d&rsquo;eau de Plobsheim tout comme moi. Depuis Tyrone a \u00e9t\u00e9 vendu et la famille est pass\u00e9 \u00e0 un <a rel=\"noreferrer noopener\" href=\"http:\/\/voilier-marlo.blogspot.com\/?m=1\" target=\"_blank\">bestiau bien plus grand<\/a>.<\/p>\n<\/div><\/div>\n\n\n\n<p><\/p>\n\n\n\n<div class=\"wp-block-media-text alignwide is-stacked-on-mobile is-image-fill\"><figure class=\"wp-block-media-text__media\" style=\"background-image:url(https:\/\/voilierkribi.fr\/wp-content\/uploads\/2023\/02\/IMG_0820.jpg);background-position:48% 70%\"><img loading=\"lazy\" decoding=\"async\" width=\"426\" height=\"640\" src=\"https:\/\/voilierkribi.fr\/wp-content\/uploads\/2023\/02\/IMG_0820.jpg\" alt=\"\" class=\"wp-image-461 size-full\" srcset=\"https:\/\/voilierkribi.fr\/wp-content\/uploads\/2023\/02\/IMG_0820.jpg 426w, https:\/\/voilierkribi.fr\/wp-content\/uploads\/2023\/02\/IMG_0820-200x300.jpg 200w\" sizes=\"auto, (max-width: 426px) 100vw, 426px\" \/><\/figure><div class=\"wp-block-media-text__content\">\n<p class=\"has-large-font-size\"><a rel=\"noreferrer noopener\" href=\"http:\/\/daria-edel600.blogspot.com\/?m=1\" target=\"_blank\">Edel 600 Daria<\/a><\/p>\n\n\n\n<p>Le blog d&rsquo;Henri, un passionn\u00e9 qui a magnifiquement am\u00e9nag\u00e9 son bateau et mis au point une m\u00e9thode de m\u00e2tage en solitaire. Comme pour Tyrone, il a \u00e9t\u00e9 actif jusqu&rsquo;en 2014, les deux blogueurs naviguaient \u00e0 Plobsheim et Henri est lui aussi pass\u00e9 depuis <a rel=\"noreferrer noopener\" href=\"https:\/\/first285dl-arroy.blogspot.com\/\" target=\"_blank\">\u00e0 un voilier bien plus grand<\/a>.<\/p>\n<\/div><\/div>\n\n\n\n<div class=\"wp-block-media-text alignwide is-stacked-on-mobile is-image-fill\"><figure class=\"wp-block-media-text__media\" style=\"background-image:url(https:\/\/voilierkribi.fr\/wp-content\/uploads\/2023\/02\/WP_20180615_11_48_42_Pro1.jpg);background-position:58% 92%\"><img loading=\"lazy\" decoding=\"async\" width=\"288\" height=\"400\" src=\"https:\/\/voilierkribi.fr\/wp-content\/uploads\/2023\/02\/WP_20180615_11_48_42_Pro1.jpg\" alt=\"\" class=\"wp-image-462 size-full\" srcset=\"https:\/\/voilierkribi.fr\/wp-content\/uploads\/2023\/02\/WP_20180615_11_48_42_Pro1.jpg 288w, https:\/\/voilierkribi.fr\/wp-content\/uploads\/2023\/02\/WP_20180615_11_48_42_Pro1-216x300.jpg 216w\" sizes=\"auto, (max-width: 288px) 100vw, 288px\" \/><\/figure><div class=\"wp-block-media-text__content\">\n<p class=\"has-large-font-size\"><a rel=\"noreferrer noopener\" href=\"https:\/\/moana-edel-665.blogspot.com\/?m=1\" target=\"_blank\">Moana Edel 665<\/a><\/p>\n\n\n\n<p>Le blog de Patrick, que je croise r\u00e9guli\u00e8rement sur les forums <a href=\"https:\/\/www.edelvoilier.org\/\">edelvoilier.org<\/a> et que je salue au passage, est actif depuis 2017. Des tranches de vie sur l&rsquo;eau et des compte rendus de travaux d\u00e9taill\u00e9s qui vont bien me servir pour mes chantiers \u00e0 venir. Que du bon !<\/p>\n\n\n\n<p><\/p>\n<\/div><\/div>\n\n\n\n<p><\/p>\n\n\n\n<p><\/p>\n\n\n\n<p><\/p>\n","protected":false},"excerpt":{"rendered":"<p><span class=\"span-reading-time rt-reading-time\" style=\"display: block;\"><span class=\"rt-label rt-prefix\">Temps de lecture\u00a0: <\/span> <span class=\"rt-time\"> 3<\/span> <span class=\"rt-label rt-postfix\">minutes<\/span><\/span>Petite s\u00e9lection non exhaustive de sites que je consulte r\u00e9guli\u00e8rement. Les sites https:\/\/www.edelvoilier.orgLe site des passionn\u00e9s des voiliers EDEL.Une mine d&rsquo;or \u00e0 ciel ouvert pour &hellip; <\/p>\n","protected":false},"author":1,"featured_media":473,"comment_status":"open","ping_status":"open","sticky":false,"template":"","format":"standard","meta":{"advgb_blocks_editor_width":"","advgb_blocks_columns_visual_guide":"","footnotes":""},"categories":[11],"tags":[],"class_list":["post-328","post","type-post","status-publish","format-standard","has-post-thumbnail","hentry","category-journal"],"author_meta":{"display_name":"Jean","author_link":"https:\/\/voilierkribi.fr\/index.php\/author\/admin7450\/"},"featured_img":"https:\/\/voilierkribi.fr\/wp-content\/uploads\/2023\/02\/2022-10-01-18.52.14-300x169.jpg","coauthors":[],"tax_additional":{"categories":{"linked":["<a href=\"https:\/\/voilierkribi.fr\/index.php\/category\/journal\/\" class=\"advgb-post-tax-term\">Journal<\/a>"],"unlinked":["<span class=\"advgb-post-tax-term\">Journal<\/span>"]}},"comment_count":"0","relative_dates":{"created":"Publi\u00e9 4 ans il y a","modified":"Mis \u00e0 jour 3 ans il y a"},"absolute_dates":{"created":"Publi\u00e9 le 1 avril 2022","modified":"Mise \u00e0 jour le 28 avril 2023"},"absolute_dates_time":{"created":"Publi\u00e9 le 1 avril 2022 17h43","modified":"Mise \u00e0 jour le 28 avril 2023 11h38"},"featured_img_caption":"","series_order":"","_links":{"self":[{"href":"https:\/\/voilierkribi.fr\/index.php\/wp-json\/wp\/v2\/posts\/328","targetHints":{"allow":["GET"]}}],"collection":[{"href":"https:\/\/voilierkribi.fr\/index.php\/wp-json\/wp\/v2\/posts"}],"about":[{"href":"https:\/\/voilierkribi.fr\/index.php\/wp-json\/wp\/v2\/types\/post"}],"author":[{"embeddable":true,"href":"https:\/\/voilierkribi.fr\/index.php\/wp-json\/wp\/v2\/users\/1"}],"replies":[{"embeddable":true,"href":"https:\/\/voilierkribi.fr\/index.php\/wp-json\/wp\/v2\/comments?post=328"}],"version-history":[{"count":42,"href":"https:\/\/voilierkribi.fr\/index.php\/wp-json\/wp\/v2\/posts\/328\/revisions"}],"predecessor-version":[{"id":962,"href":"https:\/\/voilierkribi.fr\/index.php\/wp-json\/wp\/v2\/posts\/328\/revisions\/962"}],"wp:featuredmedia":[{"embeddable":true,"href":"https:\/\/voilierkribi.fr\/index.php\/wp-json\/wp\/v2\/media\/473"}],"wp:attachment":[{"href":"https:\/\/voilierkribi.fr\/index.php\/wp-json\/wp\/v2\/media?parent=328"}],"wp:term":[{"taxonomy":"category","embeddable":true,"href":"https:\/\/voilierkribi.fr\/index.php\/wp-json\/wp\/v2\/categories?post=328"},{"taxonomy":"post_tag","embeddable":true,"href":"https:\/\/voilierkribi.fr\/index.php\/wp-json\/wp\/v2\/tags?post=328"}],"curies":[{"name":"wp","href":"https:\/\/api.w.org\/{rel}","templated":true}]}}