{"id":5,"date":"2021-12-01T13:31:27","date_gmt":"2021-12-01T12:31:27","guid":{"rendered":"https:\/\/voilierkribi.fr\/?p=5"},"modified":"2025-02-08T09:36:45","modified_gmt":"2025-02-08T08:36:45","slug":"parcours-dun-marin-deau-douce","status":"publish","type":"post","link":"https:\/\/voilierkribi.fr\/index.php\/2021\/12\/01\/parcours-dun-marin-deau-douce\/","title":{"rendered":"L&rsquo;auteur"},"content":{"rendered":"<div id=\"ez-toc-container\" class=\"ez-toc-v2_0_82_2 counter-hierarchy ez-toc-counter ez-toc-grey ez-toc-container-direction\">\n<div class=\"ez-toc-title-container\">\n<p class=\"ez-toc-title\" style=\"cursor:inherit\">Table des mati\u00e8res <\/p>\n<span class=\"ez-toc-title-toggle\"><a href=\"#\" class=\"ez-toc-pull-right ez-toc-btn ez-toc-btn-xs ez-toc-btn-default ez-toc-toggle\" aria-label=\"Toggle Table of Content\"><span class=\"ez-toc-js-icon-con\"><span class=\"\"><span class=\"eztoc-hide\" style=\"display:none;\">Toggle<\/span><span class=\"ez-toc-icon-toggle-span\"><svg style=\"fill: #999;color:#999\" xmlns=\"http:\/\/www.w3.org\/2000\/svg\" class=\"list-377408\" width=\"20px\" height=\"20px\" viewBox=\"0 0 24 24\" fill=\"none\"><path d=\"M6 6H4v2h2V6zm14 0H8v2h12V6zM4 11h2v2H4v-2zm16 0H8v2h12v-2zM4 16h2v2H4v-2zm16 0H8v2h12v-2z\" fill=\"currentColor\"><\/path><\/svg><svg style=\"fill: #999;color:#999\" class=\"arrow-unsorted-368013\" xmlns=\"http:\/\/www.w3.org\/2000\/svg\" width=\"10px\" height=\"10px\" viewBox=\"0 0 24 24\" version=\"1.2\" baseProfile=\"tiny\"><path d=\"M18.2 9.3l-6.2-6.3-6.2 6.3c-.2.2-.3.4-.3.7s.1.5.3.7c.2.2.4.3.7.3h11c.3 0 .5-.1.7-.3.2-.2.3-.5.3-.7s-.1-.5-.3-.7zM5.8 14.7l6.2 6.3 6.2-6.3c.2-.2.3-.5.3-.7s-.1-.5-.3-.7c-.2-.2-.4-.3-.7-.3h-11c-.3 0-.5.1-.7.3-.2.2-.3.5-.3.7s.1.5.3.7z\"\/><\/svg><\/span><\/span><\/span><\/a><\/span><\/div>\n<nav><ul class='ez-toc-list ez-toc-list-level-1 ' ><li class='ez-toc-page-1 ez-toc-heading-level-2'><a class=\"ez-toc-link ez-toc-heading-1\" href=\"https:\/\/voilierkribi.fr\/index.php\/2021\/12\/01\/parcours-dun-marin-deau-douce\/#Parcours_dun_marin_deau_douce\" >Parcours d&rsquo;un marin d&rsquo;eau douce<\/a><\/li><li class='ez-toc-page-1 ez-toc-heading-level-2'><a class=\"ez-toc-link ez-toc-heading-2\" href=\"https:\/\/voilierkribi.fr\/index.php\/2021\/12\/01\/parcours-dun-marin-deau-douce\/#Acte_1_a_lepreuve_du_loup_de_mer\" >Acte 1 : \u00e0 l&rsquo;\u00e9preuve du loup de mer<\/a><\/li><li class='ez-toc-page-1 ez-toc-heading-level-2'><a class=\"ez-toc-link ez-toc-heading-3\" href=\"https:\/\/voilierkribi.fr\/index.php\/2021\/12\/01\/parcours-dun-marin-deau-douce\/#Acte_2_la_croisiere_samuse\" >Acte 2 : la croisi\u00e8re s&rsquo;amuse<\/a><\/li><li class='ez-toc-page-1 ez-toc-heading-level-2'><a class=\"ez-toc-link ez-toc-heading-4\" href=\"https:\/\/voilierkribi.fr\/index.php\/2021\/12\/01\/parcours-dun-marin-deau-douce\/#Acte_3_les_annees_colo\" >Acte 3 : les ann\u00e9es colo<\/a><\/li><li class='ez-toc-page-1 ez-toc-heading-level-2'><a class=\"ez-toc-link ez-toc-heading-5\" href=\"https:\/\/voilierkribi.fr\/index.php\/2021\/12\/01\/parcours-dun-marin-deau-douce\/#Acte_4_petole\" >Acte 4 : p\u00e9tole<\/a><\/li><li class='ez-toc-page-1 ez-toc-heading-level-2'><a class=\"ez-toc-link ez-toc-heading-6\" href=\"https:\/\/voilierkribi.fr\/index.php\/2021\/12\/01\/parcours-dun-marin-deau-douce\/#Acte_5_retour_aux_sources\" >Acte 5 : retour aux sources<\/a><\/li><\/ul><\/nav><\/div>\n<span class=\"span-reading-time rt-reading-time\" style=\"display: block;\"><span class=\"rt-label rt-prefix\">Temps de lecture\u00a0: <\/span> <span class=\"rt-time\"> 7<\/span> <span class=\"rt-label rt-postfix\">minutes<\/span><\/span>\n<div class=\"wp-block-columns is-layout-flex wp-container-core-columns-is-layout-9d6595d7 wp-block-columns-is-layout-flex\">\n<div class=\"wp-block-column is-layout-flow wp-block-column-is-layout-flow\" style=\"flex-basis:75%\">\n<p class=\"has-drop-cap\">Moi c&rsquo;est Jean, la quarantaine bien tass\u00e9e, papa de 3 enfants, j&rsquo;habite pr\u00e8s de Strasbourg et je navigue principalement sur le <a href=\"https:\/\/voilierkribi.fr\/index.php\/2022\/01\/26\/le-plan-deau-de-plobsheim\/\">plan d&rsquo;eau de Plobsheim<\/a>.<\/p>\n\n\n\n<p>J&rsquo;ai eu naturellement l&rsquo;id\u00e9e de ce blog car avant de poss\u00e9der mon propre voilier, j&rsquo;ai eu beaucoup de plaisir \u00e0 lire les r\u00e9cits d&rsquo;autres voileux, \u00e0 apprendre de leurs exp\u00e9riences, \u00e0 d\u00e9couvrir des zones de navigation.<\/p>\n\n\n\n<p>Je ne suis pas un navigateur au long cours, mes connaissances sont modestes et je me qualifie volontiers de marin d&rsquo;eau douce. Mais j&rsquo;aime \u00e0 partager ma passion pour la voile et transmettre les connaissances que je poss\u00e8de. J&rsquo;essaie aussi de vulgariser mon contenu qui se destine principalement \u00e0 des d\u00e9butants pour leur donner envie de se lancer eux aussi dans l&rsquo;aventure.<\/p>\n\n\n\n<p>Bonne lecture et n&rsquo;h\u00e9sitez pas \u00e0 faire un coucou en passant, cela me fera plaisir \ud83d\ude42<\/p>\n<\/div>\n\n\n\n<div class=\"wp-block-column is-layout-flow wp-block-column-is-layout-flow\" style=\"flex-basis:50%\">\n<figure class=\"wp-block-image size-full\"><img loading=\"lazy\" decoding=\"async\" width=\"710\" height=\"1024\" src=\"https:\/\/voilierkribi.fr\/wp-content\/uploads\/2023\/02\/IMG-20221009-WA0037-1.jpg\" alt=\"\" class=\"wp-image-850\" srcset=\"https:\/\/voilierkribi.fr\/wp-content\/uploads\/2023\/02\/IMG-20221009-WA0037-1.jpg 710w, https:\/\/voilierkribi.fr\/wp-content\/uploads\/2023\/02\/IMG-20221009-WA0037-1-208x300.jpg 208w\" sizes=\"auto, (max-width: 710px) 100vw, 710px\" \/><\/figure>\n<\/div>\n<\/div>\n\n\n\n<h2 class=\"wp-block-heading\"><span class=\"ez-toc-section\" id=\"Parcours_dun_marin_deau_douce\"><\/span>Parcours d&rsquo;un marin d&rsquo;eau douce<span class=\"ez-toc-section-end\"><\/span><\/h2>\n\n\n\n<p><em>Acqu\u00e9rir un voilier. Lui donner un nom.Le d\u00e9couvrir. Naviguer. L&rsquo;apprivoiser. L&rsquo;entretenir. L&rsquo;am\u00e9nager. Partager des moments en famille ou avec des amis. D\u00e9couvrir de nouveaux endroits, de nouvelles personnes. Essayer et r\u00e9essayer. Vivre avec les \u00e9l\u00e9ments, les affronter parfois. Dormir \u00e0 bord. Faire des erreurs, apprendre. Initier, partager la passion. Naviguer seul et \u00e0 plusieurs. Vivre dans le froid et la brume, dans le vent et les embruns. R\u00f4tir sous un soleil de plomb. R\u00e9parer. Attendre le vent. Ecouter, observer. Tenter de d\u00e9crypter le ciel, la mer. Apprendre encore. Pester quand le sort s&rsquo;acharne. Se faire peur. Accepter. L\u00e2cher prise&#8230; <\/em><\/p>\n\n\n\n<div class=\"wp-block-columns alignfull are-vertically-aligned-center is-layout-flex wp-container-core-columns-is-layout-9d6595d7 wp-block-columns-is-layout-flex\">\n<div class=\"wp-block-column is-vertically-aligned-center is-layout-flow wp-block-column-is-layout-flow\" style=\"flex-basis:100%\"><\/div>\n<\/div>\n\n\n\n<blockquote class=\"wp-block-quote is-layout-flow wp-block-quote-is-layout-flow\">\n<p>Dans mon r\u00eave,  avoir un voilier c&rsquo;est tout cela et beaucoup plus. Mais avant d&rsquo;en arriver l\u00e0, il aura fallu suivre un bout de chemin.<\/p>\n<\/blockquote>\n\n\n\n<h2 class=\"wp-block-heading\"><span class=\"ez-toc-section\" id=\"Acte_1_a_lepreuve_du_loup_de_mer\"><\/span>Acte 1 : \u00e0 l&rsquo;\u00e9preuve du loup de mer<span class=\"ez-toc-section-end\"><\/span><\/h2>\n\n\n\n<p class=\"has-drop-cap\">J&rsquo;ai commenc\u00e9 la voile \u00e0 l&rsquo;\u00e2ge en 1988 avec les scouts. J&rsquo;avais 12 ans alors et je n&rsquo;avais jamais mis les pieds sur un voilier. Le hasard avait voulu qu&rsquo;une troupe de scouts soit install\u00e9e \u00e0 deux pas de chez nous \u00e0 Strasbourg,  et par un hasard plus grand encore, il s&rsquo;agissait de scouts marins, le r\u00eave d&rsquo;un breton install\u00e9 en Alsace.<\/p>\n\n\n\n<p>Nous naviguions au printemps et en automne sur le plan d&rsquo;eau de Plobsheim. En avril, nous avions une semaine de navigation dans la rade de Toulon et l&rsquo;\u00e9t\u00e9 nous explorions les c\u00f4tes bretonnes. Nous utilisions des voiliers peu communs nomm\u00e9s <em>Super Raid<\/em> et surtout son grand fr\u00e8re le <em>Loup de mer<\/em>.  Le loup de mer est une go\u00e9lette de 7m environ. Lourd, difficile \u00e0 man\u0153uvrer, il n\u00e9cessite 4 \u00e9quipiers au moins, 6 de pr\u00e9f\u00e9rence. <\/p>\n\n\n\n<figure class=\"wp-block-gallery alignfull has-nested-images columns-2 is-cropped wp-block-gallery-1 is-layout-flex wp-block-gallery-is-layout-flex\">\n<figure class=\"wp-block-image size-large\"><a href=\"https:\/\/voilierkribi.fr\/wp-content\/uploads\/2022\/01\/20220101_223549-scaled.jpg\"><img loading=\"lazy\" decoding=\"async\" width=\"1024\" height=\"656\" data-id=\"233\" src=\"https:\/\/voilierkribi.fr\/wp-content\/uploads\/2022\/01\/20220101_223549-1024x656.jpg\" alt=\"\" class=\"wp-image-233\" srcset=\"https:\/\/voilierkribi.fr\/wp-content\/uploads\/2022\/01\/20220101_223549-1024x656.jpg 1024w, https:\/\/voilierkribi.fr\/wp-content\/uploads\/2022\/01\/20220101_223549-300x192.jpg 300w, https:\/\/voilierkribi.fr\/wp-content\/uploads\/2022\/01\/20220101_223549-768x492.jpg 768w, https:\/\/voilierkribi.fr\/wp-content\/uploads\/2022\/01\/20220101_223549-1536x984.jpg 1536w, https:\/\/voilierkribi.fr\/wp-content\/uploads\/2022\/01\/20220101_223549-2048x1312.jpg 2048w, https:\/\/voilierkribi.fr\/wp-content\/uploads\/2022\/01\/20220101_223549-421x270.jpg 421w\" sizes=\"auto, (max-width: 1024px) 100vw, 1024px\" \/><\/a><figcaption class=\"wp-element-caption\">sch\u00e9ma d&rsquo;un loup de mer<\/figcaption><\/figure>\n\n\n\n<figure class=\"wp-block-image size-large\"><a href=\"https:\/\/voilierkribi.fr\/wp-content\/uploads\/2022\/01\/2022-01-02-13.15.36-scaled.jpg\"><img loading=\"lazy\" decoding=\"async\" width=\"1024\" height=\"687\" data-id=\"245\" src=\"https:\/\/voilierkribi.fr\/wp-content\/uploads\/2022\/01\/2022-01-02-13.15.36-1024x687.jpg\" alt=\"\" class=\"wp-image-245\" srcset=\"https:\/\/voilierkribi.fr\/wp-content\/uploads\/2022\/01\/2022-01-02-13.15.36-1024x687.jpg 1024w, https:\/\/voilierkribi.fr\/wp-content\/uploads\/2022\/01\/2022-01-02-13.15.36-300x201.jpg 300w, https:\/\/voilierkribi.fr\/wp-content\/uploads\/2022\/01\/2022-01-02-13.15.36-768x515.jpg 768w, https:\/\/voilierkribi.fr\/wp-content\/uploads\/2022\/01\/2022-01-02-13.15.36-1536x1030.jpg 1536w, https:\/\/voilierkribi.fr\/wp-content\/uploads\/2022\/01\/2022-01-02-13.15.36-2048x1374.jpg 2048w, https:\/\/voilierkribi.fr\/wp-content\/uploads\/2022\/01\/2022-01-02-13.15.36-421x282.jpg 421w\" sizes=\"auto, (max-width: 1024px) 100vw, 1024px\" \/><\/a><figcaption class=\"wp-element-caption\">Atelier de r\u00e9paration du<em> Super Raid<\/em><\/figcaption><\/figure>\n<\/figure>\n\n\n\n<blockquote class=\"wp-block-quote is-layout-flow wp-block-quote-is-layout-flow\">\n<p>Sur cette unit\u00e9, virer de bord est une \u00e9preuve qui exige une parfaite coordination et surtout de la vitesse, pas simple \u00e0 obtenir avec ce bateau. <\/p>\n<\/blockquote>\n\n\n\n<p class=\"has-drop-cap\">Par ailleurs, il remonte mal au vent, est d\u00e9pourvu de cabine pour abriter hommes, affaires et vivres des affres du milieu marin. Et bien s\u00fbr, il n&rsquo;a pas de moteur. A la place, il faut ramer et ramer encore ; pour sortir du port,  pour rejoindre l&rsquo;\u00e9tape du jour quand il n&rsquo;y a pas de vent, pour aider aux man\u0153uvres quand il y a du courant. On est loin de la plaisance, c&rsquo;est un bateau peu confortable et exigeant.<\/p>\n\n\n\n<p>Et pourtant&#8230; <\/p>\n\n\n\n<p>Ces nombreux inconv\u00e9nients ne sauraient masquer les qualit\u00e9s de ce voilier, surtout sur le plan p\u00e9dagogique. C&rsquo;est un bateau \u00e9cole qui permet \u00e0 un \u00e9quipage de 6 \u00e0 7 gar\u00e7ons d&rsquo;apprendre \u00e0 naviguer de mani\u00e8re coordonn\u00e9e et progressive. On commence comme vigie, puis on passe \u00e9quipier de trinquette, puis de foc ; on devient ensuite \u00e9quipier de misaine, puis de grand voile pour finir barreur, cons\u00e9cration supr\u00eame.  Le <em>loup de mer<\/em> est simple de conception, facile \u00e0 entretenir, peu co\u00fbteux et robuste.<\/p>\n\n\n\n<p>Et sa plus grande qualit\u00e9, c&rsquo;est sans doute que lorsqu&rsquo;on passe sur un autre voilier tout parait tellement plus simple \ud83d\ude42<\/p>\n\n\n\n<h2 class=\"wp-block-heading\"><span class=\"ez-toc-section\" id=\"Acte_2_la_croisiere_samuse\"><\/span>Acte 2 : la croisi\u00e8re s&rsquo;amuse<span class=\"ez-toc-section-end\"><\/span><\/h2>\n\n\n\n<p class=\"has-drop-cap has-text-align-left\">Nous avons eu pour le camp d&rsquo;\u00e9t\u00e9 de 1992 trois magnifiques habitables sur lesquels nous avons navigu\u00e9 entre B\u00e9nodet et La Baule en \u00e9quipage r\u00e9duit \u00e0 3 \u00e9quipiers. Il s&rsquo;agissait d&rsquo;un <em>Gib&rsquo;sea <\/em>&#8211; je ne me souviens plus quel mod\u00e8le, il faisait dans les 8m &#8211; un <em>Jeanneau Aquila <\/em>et un <em>Jeanneau Sun Way 2<\/em>9. Pour nous qui \u00e9tions habitu\u00e9s aux spartiates <em>loup de mer,<\/em> quelle r\u00e9v\u00e9lation !<\/p>\n\n\n<div class=\"wp-block-image is-style-default\">\n<figure class=\"alignright size-full\"><img loading=\"lazy\" decoding=\"async\" width=\"1667\" height=\"1302\" src=\"https:\/\/voilierkribi.fr\/wp-content\/uploads\/2022\/01\/20220101_215817.jpg\" alt=\"\" class=\"wp-image-234\" srcset=\"https:\/\/voilierkribi.fr\/wp-content\/uploads\/2022\/01\/20220101_215817.jpg 1667w, https:\/\/voilierkribi.fr\/wp-content\/uploads\/2022\/01\/20220101_215817-300x234.jpg 300w, https:\/\/voilierkribi.fr\/wp-content\/uploads\/2022\/01\/20220101_215817-1024x800.jpg 1024w, https:\/\/voilierkribi.fr\/wp-content\/uploads\/2022\/01\/20220101_215817-768x600.jpg 768w, https:\/\/voilierkribi.fr\/wp-content\/uploads\/2022\/01\/20220101_215817-1536x1200.jpg 1536w, https:\/\/voilierkribi.fr\/wp-content\/uploads\/2022\/01\/20220101_215817-384x300.jpg 384w\" sizes=\"auto, (max-width: 1667px) 100vw, 1667px\" \/><figcaption class=\"wp-element-caption\">Le sun Way et l&rsquo;Aquila au mouillage dans la brume.<\/figcaption><\/figure><\/div>\n\n\n<p class=\"has-text-align-left\"> Je d\u00e9couvrais le confort, la facilit\u00e9 de man\u0153uvre, les performances mais aussi les quarts de nuit, le calcul de route, l&rsquo;instrumentation de bord. Je me souviens que le Gib&rsquo;sea \u00e9tait \u00e9quip\u00e9 d&rsquo;un r\u00e9cepteur DECCA, un syst\u00e8me de positionnement bas\u00e9 sur un ensemble de balises radio c\u00f4ti\u00e8res. A cette \u00e9poque o\u00f9 le syst\u00e8me GPS n&rsquo;\u00e9tait pas encore op\u00e9rationnel (il faudra attendre 1995), \u00e7a me semblait r\u00e9volutionnaire. Ce s\u00e9jour a \u00e9t\u00e9 tr\u00e8s marquant pour moi. Pr\u00e8s de 30 ans apr\u00e8s, je me rappelle encore comme si c&rsquo;\u00e9tait hier l&rsquo;excitation de rencontrer des dauphins, la nuit au port de l&rsquo;ile de Groix o\u00f9 l&rsquo;arriv\u00e9e \u00e0 Pornichet sous spi par force 5 &#8211; nous avions \u00e0 bord un chef qui \u00e9tait un marin exceptionnel. Ces quelques jours de voile sont pour beaucoup dans l&rsquo;aboutissement de mon projet et l&rsquo;achat d&rsquo;un voilier. C&rsquo;est pour partager des moments comme ceux l\u00e0 que j&rsquo;ai acquis Kribi.<\/p>\n\n\n\n<h2 class=\"wp-block-heading\"><span class=\"ez-toc-section\" id=\"Acte_3_les_annees_colo\"><\/span>Acte 3 : les ann\u00e9es colo<span class=\"ez-toc-section-end\"><\/span><\/h2>\n\n\n\n<p>A 19 ans, j&rsquo;ai pass\u00e9 le Brevet d&rsquo;aptitude \u00e0 la fonction d&rsquo;animateur (BAFA) avec la qualification voile. Pour cela, j&rsquo;ai effectu\u00e9 un stage intensif de voile \u00e0 Fort-Mahon dans la baie de somme sur NewCat F2 de m\u00e9moire.<\/p>\n\n\n<div class=\"wp-block-image is-style-default\">\n<figure class=\"aligncenter size-full\"><img loading=\"lazy\" decoding=\"async\" width=\"2560\" height=\"1772\" src=\"https:\/\/voilierkribi.fr\/wp-content\/uploads\/2022\/01\/2022-01-02-13.18.32-1-scaled.jpg\" alt=\"\" class=\"wp-image-248\" srcset=\"https:\/\/voilierkribi.fr\/wp-content\/uploads\/2022\/01\/2022-01-02-13.18.32-1-scaled.jpg 2560w, https:\/\/voilierkribi.fr\/wp-content\/uploads\/2022\/01\/2022-01-02-13.18.32-1-300x208.jpg 300w, https:\/\/voilierkribi.fr\/wp-content\/uploads\/2022\/01\/2022-01-02-13.18.32-1-1024x709.jpg 1024w, https:\/\/voilierkribi.fr\/wp-content\/uploads\/2022\/01\/2022-01-02-13.18.32-1-768x532.jpg 768w, https:\/\/voilierkribi.fr\/wp-content\/uploads\/2022\/01\/2022-01-02-13.18.32-1-1536x1063.jpg 1536w, https:\/\/voilierkribi.fr\/wp-content\/uploads\/2022\/01\/2022-01-02-13.18.32-1-2048x1418.jpg 2048w, https:\/\/voilierkribi.fr\/wp-content\/uploads\/2022\/01\/2022-01-02-13.18.32-1-421x291.jpg 421w\" sizes=\"auto, (max-width: 2560px) 100vw, 2560px\" \/><figcaption class=\"wp-element-caption\">Stage de voile \u00e0 Fort-Mahon (Somme)<\/figcaption><\/figure><\/div>\n\n\n<p>J&rsquo;avais d\u00e9j\u00e0 le permis mer c\u00f4tier et le certificat restreint de radiot\u00e9l\u00e9phoniste, je pouvais d\u00e8s lors encadrer des colonies de vacances en tant que moniteur de voile ce que je fis 3 \u00e9t\u00e9s d&rsquo;affil\u00e9e. Ce fut des exp\u00e9riences tr\u00e8s riches sur le plan humain. C\u00f4t\u00e9 navigation aussi, m\u00eame si je n&rsquo;\u00e9tais pas si souvent que cela sur un voilier ! Quand on est moniteur, on est le plus souvent dans la \u00ab\u00a0s\u00e9cu\u00a0\u00bb, le bateau de s\u00e9curit\u00e9. Un semi rigide \u00e0 moteur \u00e0 partir duquel on guide les adolescents apprentis. Les bateaux \u00e0 voile \u00e9taient vari\u00e9s : <em>420 , 470, Caravelle, Newcat, Hobie Cat<\/em> et m\u00eame une fois des <em>Mentor <\/em>avec lesquels nous avons pu visiter le rassemblement Brest 96 de l&rsquo;int\u00e9rieur. Ces ann\u00e9es colo ont \u00e9t\u00e9 l&rsquo;occasion de d\u00e9couvrir encore davantage la c\u00f4te bretonne et de me familiariser avec de multiples supports et des aspects que je ne connaissais pas jusque l\u00e0 comme l&rsquo;entretien des moteurs. <\/p>\n\n\n\n<figure class=\"wp-block-gallery alignfull has-nested-images columns-1 is-cropped wp-block-gallery-2 is-layout-flex wp-block-gallery-is-layout-flex\">\n<figure class=\"wp-block-image size-full\"><a href=\"https:\/\/voilierkribi.fr\/wp-content\/uploads\/2022\/01\/2022-01-02-13.27.36.jpg\"><img loading=\"lazy\" decoding=\"async\" width=\"2372\" height=\"1583\" data-id=\"246\" src=\"https:\/\/voilierkribi.fr\/wp-content\/uploads\/2022\/01\/2022-01-02-13.27.36.jpg\" alt=\"\" class=\"wp-image-246\" srcset=\"https:\/\/voilierkribi.fr\/wp-content\/uploads\/2022\/01\/2022-01-02-13.27.36.jpg 2372w, https:\/\/voilierkribi.fr\/wp-content\/uploads\/2022\/01\/2022-01-02-13.27.36-300x200.jpg 300w, https:\/\/voilierkribi.fr\/wp-content\/uploads\/2022\/01\/2022-01-02-13.27.36-1024x683.jpg 1024w, https:\/\/voilierkribi.fr\/wp-content\/uploads\/2022\/01\/2022-01-02-13.27.36-768x513.jpg 768w, https:\/\/voilierkribi.fr\/wp-content\/uploads\/2022\/01\/2022-01-02-13.27.36-1536x1025.jpg 1536w, https:\/\/voilierkribi.fr\/wp-content\/uploads\/2022\/01\/2022-01-02-13.27.36-2048x1367.jpg 2048w, https:\/\/voilierkribi.fr\/wp-content\/uploads\/2022\/01\/2022-01-02-13.27.36-421x281.jpg 421w\" sizes=\"auto, (max-width: 2372px) 100vw, 2372px\" \/><\/a><figcaption class=\"wp-element-caption\">Sur &lsquo;Mentor&rsquo;<\/figcaption><\/figure>\n\n\n\n<figure class=\"wp-block-image size-full\"><a href=\"https:\/\/voilierkribi.fr\/wp-content\/uploads\/2022\/01\/2022-01-02-13.12.21.jpg\"><img loading=\"lazy\" decoding=\"async\" width=\"2155\" height=\"1391\" data-id=\"247\" src=\"https:\/\/voilierkribi.fr\/wp-content\/uploads\/2022\/01\/2022-01-02-13.12.21.jpg\" alt=\"\" class=\"wp-image-247\" srcset=\"https:\/\/voilierkribi.fr\/wp-content\/uploads\/2022\/01\/2022-01-02-13.12.21.jpg 2155w, https:\/\/voilierkribi.fr\/wp-content\/uploads\/2022\/01\/2022-01-02-13.12.21-300x194.jpg 300w, https:\/\/voilierkribi.fr\/wp-content\/uploads\/2022\/01\/2022-01-02-13.12.21-1024x661.jpg 1024w, https:\/\/voilierkribi.fr\/wp-content\/uploads\/2022\/01\/2022-01-02-13.12.21-768x496.jpg 768w, https:\/\/voilierkribi.fr\/wp-content\/uploads\/2022\/01\/2022-01-02-13.12.21-1536x991.jpg 1536w, https:\/\/voilierkribi.fr\/wp-content\/uploads\/2022\/01\/2022-01-02-13.12.21-2048x1322.jpg 2048w, https:\/\/voilierkribi.fr\/wp-content\/uploads\/2022\/01\/2022-01-02-13.12.21-421x272.jpg 421w\" sizes=\"auto, (max-width: 2155px) 100vw, 2155px\" \/><\/a><figcaption class=\"wp-element-caption\">Remorquage d&rsquo;une caravelle et de catamarans<\/figcaption><\/figure>\n<\/figure>\n\n\n\n<p>A c\u00f4t\u00e9 de colonies de vacances, il m&rsquo;est arriv\u00e9 de faire de la voile avec le club sportif universitaire sur d\u00e9riveur ou de louer des voiliers sur le lac de G\u00e9rardmer. Je garde un souvenir d&rsquo;une vir\u00e9e m\u00e9morable avec mon fr\u00e8re sur Wizz au cours de laquelle j&rsquo;ai dessal\u00e9 puis chapeaut\u00e9 (le mat s&rsquo;est plant\u00e9 dans la vase) ce qui m&rsquo;a valu de passer pr\u00e8s de 2h sur la coque \u00e0 attendre les secours. Au final, j&rsquo;ai attrap\u00e9 un s\u00e9rieux coup de froid qui m&rsquo;a clou\u00e9 3 jours au lit ! <\/p>\n\n\n\n<h2 class=\"wp-block-heading\"><span class=\"ez-toc-section\" id=\"Acte_4_petole\"><\/span>Acte 4 : p\u00e9tole<span class=\"ez-toc-section-end\"><\/span><\/h2>\n\n\n\n<p>Apr\u00e8s plus de 10 ann\u00e9es au contact de la voile qui m&rsquo;avaient vu passer de mousse inexp\u00e9riment\u00e9 \u00e0 moniteur, j&rsquo;ai eu d&rsquo;autres priorit\u00e9s, \u00e9tudes d&rsquo;abord entr\u00e9e dans la vie active ensuite. D\u00e8s lors je n&rsquo;ai plus navigu\u00e9 que tr\u00e8s ponctuellement. J&rsquo;ai fait un stage UCPA en Corse sur Hobie Cat en 2006. <\/p>\n\n\n<div class=\"wp-block-image\">\n<figure class=\"aligncenter size-large is-resized\"><img loading=\"lazy\" decoding=\"async\" src=\"https:\/\/voilierkribi.fr\/wp-content\/uploads\/2022\/01\/cata-edited-1.jpg\" alt=\"\" class=\"wp-image-276\" width=\"750\" height=\"518\" srcset=\"https:\/\/voilierkribi.fr\/wp-content\/uploads\/2022\/01\/cata-edited-1.jpg 1000w, https:\/\/voilierkribi.fr\/wp-content\/uploads\/2022\/01\/cata-edited-1-300x207.jpg 300w, https:\/\/voilierkribi.fr\/wp-content\/uploads\/2022\/01\/cata-edited-1-768x530.jpg 768w, https:\/\/voilierkribi.fr\/wp-content\/uploads\/2022\/01\/cata-edited-1-421x290.jpg 421w\" sizes=\"auto, (max-width: 750px) 100vw, 750px\" \/><\/figure><\/div>\n\n\n<p>Ce stage m&rsquo;a fait r\u00e9aliser que j&rsquo;avais perdu beaucoup de mes r\u00e9flexes et de mes connaissances. Il faut croire que dans mon cas du moins, la voile ce n&rsquo;est pas comme le v\u00e9lo ! L&rsquo;absence de pratique se faisait ressentir et je dois dire que j&rsquo;\u00e9tais assez d\u00e9\u00e7u de mon niveau. Au lieu de provoquer un nouvel \u00e9lan, cette exp\u00e9rience &#8211; g\u00e9niale sur le plan de l&rsquo;ambiance et de la f\u00eate &#8211; m&rsquo;a plut\u00f4t refroidi sur le plan de la voile. Elle aura toutefois eu un m\u00e9rite salutaire, celui de me faire r\u00e9aliser mes limites et de m&rsquo;apprendre \u00e0 faire preuve davantage d&rsquo;humilit\u00e9 sur l&rsquo;eau.<\/p>\n\n\n<div class=\"wp-block-image\">\n<figure class=\"aligncenter size-large\"><img loading=\"lazy\" decoding=\"async\" width=\"1024\" height=\"576\" src=\"https:\/\/voilierkribi.fr\/wp-content\/uploads\/2022\/01\/20180725_105338-1024x576.jpg\" alt=\"\" class=\"wp-image-295\" srcset=\"https:\/\/voilierkribi.fr\/wp-content\/uploads\/2022\/01\/20180725_105338-1024x576.jpg 1024w, https:\/\/voilierkribi.fr\/wp-content\/uploads\/2022\/01\/20180725_105338-300x169.jpg 300w, https:\/\/voilierkribi.fr\/wp-content\/uploads\/2022\/01\/20180725_105338-768x432.jpg 768w, https:\/\/voilierkribi.fr\/wp-content\/uploads\/2022\/01\/20180725_105338-1536x864.jpg 1536w, https:\/\/voilierkribi.fr\/wp-content\/uploads\/2022\/01\/20180725_105338-2048x1152.jpg 2048w, https:\/\/voilierkribi.fr\/wp-content\/uploads\/2022\/01\/20180725_105338-533x300.jpg 533w\" sizes=\"auto, (max-width: 1024px) 100vw, 1024px\" \/><figcaption class=\"wp-element-caption\">Sortie familiale sur un Bavaria 39 &#8230; avec skipper ! Je suis bien incapable de mener un 12m ! (2018)<\/figcaption><\/figure><\/div>\n\n\n<h2 class=\"wp-block-heading\"><span class=\"ez-toc-section\" id=\"Acte_5_retour_aux_sources\"><\/span>Acte 5 : retour aux sources<span class=\"ez-toc-section-end\"><\/span><\/h2>\n\n\n\n<p>Apr\u00e8s avoir v\u00e9cu dans diff\u00e9rentes villes de France, je suis revenu \u00e0 Strasbourg et petit \u00e0 petit l&rsquo;id\u00e9e de reprendre la voile a fait son chemin si bien qu&rsquo;en 2015 j&rsquo;\u00e9tais de retour \u00e0 Plobsheim sur le plan d&rsquo;eau o\u00f9 j&rsquo;avais tir\u00e9 mes premiers bords 27 ans plus t\u00f4t. Au d\u00e9but, je faisais surtout du Hobie Cat mais quand on est seul \u00e0 naviguer, ce n&rsquo;est pas le plus simple \u00e0 mettre \u00e0 l&rsquo;eau. Je suis pass\u00e9 au Laser, s\u00fbrement le plus d\u00e9riveur le plus sensible que j&rsquo;ai pu exp\u00e9rimenter mais aussi celui qui procure les sensations les plus grisantes.  Et quand j&rsquo;en ai eu assez d&rsquo;\u00eatre toujours tremp\u00e9, je me suis dit qu&rsquo;il \u00e9tait temps de tenter l&rsquo;habitable ! J&rsquo;\u00e9tais un peu intimid\u00e9 car mon exp\u00e9rience sur croiseur se limitait \u00e0 un camp scout et \u00e0 une ou deux vir\u00e9es par ci par l\u00e0. Mon club disposait d&rsquo;un Micro Challenger, un voilier de 5m50 sur lequel j&rsquo;ai pris mes marques et gagn\u00e9 en confiance. <\/p>\n\n\n<div class=\"wp-block-image\">\n<figure class=\"aligncenter size-large\"><img loading=\"lazy\" decoding=\"async\" width=\"1024\" height=\"576\" src=\"https:\/\/voilierkribi.fr\/wp-content\/uploads\/2022\/01\/2016-08-21-16.59.00-1024x576.jpg\" alt=\"\" class=\"wp-image-250\" srcset=\"https:\/\/voilierkribi.fr\/wp-content\/uploads\/2022\/01\/2016-08-21-16.59.00-1024x576.jpg 1024w, https:\/\/voilierkribi.fr\/wp-content\/uploads\/2022\/01\/2016-08-21-16.59.00-300x169.jpg 300w, https:\/\/voilierkribi.fr\/wp-content\/uploads\/2022\/01\/2016-08-21-16.59.00-768x432.jpg 768w, https:\/\/voilierkribi.fr\/wp-content\/uploads\/2022\/01\/2016-08-21-16.59.00-1536x864.jpg 1536w, https:\/\/voilierkribi.fr\/wp-content\/uploads\/2022\/01\/2016-08-21-16.59.00-2048x1152.jpg 2048w, https:\/\/voilierkribi.fr\/wp-content\/uploads\/2022\/01\/2016-08-21-16.59.00-421x237.jpg 421w\" sizes=\"auto, (max-width: 1024px) 100vw, 1024px\" \/><figcaption class=\"wp-element-caption\">Vue du Micro challenger<\/figcaption><\/figure><\/div>\n\n\n<p>Puis nous avons eu un Jou\u00ebt 550 tr\u00e8s vivant que j&rsquo;ai tout de suite adopt\u00e9. J&rsquo;ai vraiment red\u00e9couvert le plaisir de naviguer, pas seulement de ressentir des sensations mais aussi celles de vivre sur un bateau, de s&rsquo;offrir une petite bi\u00e8re et un casse-cro\u00fbte dans le cockpit apr\u00e8s une navigation agit\u00e9e, bref d&rsquo;avoir un petit chez soi sur l&rsquo;eau. <\/p>\n\n\n\n<figure class=\"wp-block-gallery alignwide has-nested-images columns-1 is-cropped wp-block-gallery-3 is-layout-flex wp-block-gallery-is-layout-flex\">\n<figure class=\"wp-block-image size-large\"><a href=\"https:\/\/voilierkribi.fr\/wp-content\/uploads\/2022\/01\/2018-06-13-15.46.54-scaled.jpg\"><img loading=\"lazy\" decoding=\"async\" width=\"1024\" height=\"498\" data-id=\"254\" src=\"https:\/\/voilierkribi.fr\/wp-content\/uploads\/2022\/01\/2018-06-13-15.46.54-1024x498.jpg\" alt=\"\" class=\"wp-image-254\" srcset=\"https:\/\/voilierkribi.fr\/wp-content\/uploads\/2022\/01\/2018-06-13-15.46.54-1024x498.jpg 1024w, https:\/\/voilierkribi.fr\/wp-content\/uploads\/2022\/01\/2018-06-13-15.46.54-300x146.jpg 300w, https:\/\/voilierkribi.fr\/wp-content\/uploads\/2022\/01\/2018-06-13-15.46.54-768x373.jpg 768w, https:\/\/voilierkribi.fr\/wp-content\/uploads\/2022\/01\/2018-06-13-15.46.54-1536x747.jpg 1536w, https:\/\/voilierkribi.fr\/wp-content\/uploads\/2022\/01\/2018-06-13-15.46.54-2048x996.jpg 2048w, https:\/\/voilierkribi.fr\/wp-content\/uploads\/2022\/01\/2018-06-13-15.46.54-421x205.jpg 421w\" sizes=\"auto, (max-width: 1024px) 100vw, 1024px\" \/><\/a><figcaption class=\"wp-element-caption\">Le fiston s&rsquo;\u00e9clate sur le J&rsquo;ou\u00ebt 550<\/figcaption><\/figure>\n\n\n\n<figure class=\"wp-block-image size-large\"><a href=\"https:\/\/voilierkribi.fr\/wp-content\/uploads\/2022\/01\/vlcsnap-2022-01-02-13h55m01s562.png\"><img loading=\"lazy\" decoding=\"async\" width=\"1024\" height=\"576\" data-id=\"253\" src=\"https:\/\/voilierkribi.fr\/wp-content\/uploads\/2022\/01\/vlcsnap-2022-01-02-13h55m01s562-1024x576.png\" alt=\"\" class=\"wp-image-253\" srcset=\"https:\/\/voilierkribi.fr\/wp-content\/uploads\/2022\/01\/vlcsnap-2022-01-02-13h55m01s562-1024x576.png 1024w, https:\/\/voilierkribi.fr\/wp-content\/uploads\/2022\/01\/vlcsnap-2022-01-02-13h55m01s562-300x169.png 300w, https:\/\/voilierkribi.fr\/wp-content\/uploads\/2022\/01\/vlcsnap-2022-01-02-13h55m01s562-768x432.png 768w, https:\/\/voilierkribi.fr\/wp-content\/uploads\/2022\/01\/vlcsnap-2022-01-02-13h55m01s562-1536x864.png 1536w, https:\/\/voilierkribi.fr\/wp-content\/uploads\/2022\/01\/vlcsnap-2022-01-02-13h55m01s562-421x237.png 421w, https:\/\/voilierkribi.fr\/wp-content\/uploads\/2022\/01\/vlcsnap-2022-01-02-13h55m01s562.png 1920w\" sizes=\"auto, (max-width: 1024px) 100vw, 1024px\" \/><\/a><figcaption class=\"wp-element-caption\">Le Jou\u00ebt 550 \u00e0 quai<\/figcaption><\/figure>\n<\/figure>\n\n\n\n<p>Et quand une vie de famille charg\u00e9e puis les confinements m&rsquo;ont amen\u00e9 \u00e0 suspendre la voile deux ans durant, j&rsquo;ai m\u00fbri l&rsquo;id\u00e9e d&rsquo;avoir mon propre voilier. <\/p>\n\n\n\n<p>Et \u00e7a a \u00e9t\u00e9 chose faite en novembre 2021 avec l&rsquo;acquisition de mon EDEL 660, <strong>le d\u00e9but de l&rsquo;aventure Voilier Kribi.<\/strong><\/p>\n","protected":false},"excerpt":{"rendered":"<p><span class=\"span-reading-time rt-reading-time\" style=\"display: block;\"><span class=\"rt-label rt-prefix\">Temps de lecture\u00a0: <\/span> <span class=\"rt-time\"> 7<\/span> <span class=\"rt-label rt-postfix\">minutes<\/span><\/span>Moi c&rsquo;est Jean, la quarantaine bien tass\u00e9e, papa de 3 enfants, j&rsquo;habite pr\u00e8s de Strasbourg et je navigue principalement sur le plan d&rsquo;eau de Plobsheim. &hellip; <\/p>\n","protected":false},"author":1,"featured_media":1613,"comment_status":"open","ping_status":"closed","sticky":false,"template":"","format":"standard","meta":{"advgb_blocks_editor_width":"","advgb_blocks_columns_visual_guide":"","footnotes":""},"categories":[30],"tags":[],"class_list":["post-5","post","type-post","status-publish","format-standard","has-post-thumbnail","hentry","category-static"],"author_meta":{"display_name":"Jean","author_link":"https:\/\/voilierkribi.fr\/index.php\/author\/admin7450\/"},"featured_img":"https:\/\/voilierkribi.fr\/wp-content\/uploads\/2021\/12\/Rounded_20230516_171802-300x121.png","coauthors":[],"tax_additional":{"categories":{"linked":["<a href=\"https:\/\/voilierkribi.fr\/index.php\/category\/static\/\" class=\"advgb-post-tax-term\">static<\/a>"],"unlinked":["<span class=\"advgb-post-tax-term\">static<\/span>"]}},"comment_count":"2","relative_dates":{"created":"Publi\u00e9 4 ans il y a","modified":"Mis \u00e0 jour 1 an il y a"},"absolute_dates":{"created":"Publi\u00e9 le 1 d\u00e9cembre 2021","modified":"Mise \u00e0 jour le 8 f\u00e9vrier 2025"},"absolute_dates_time":{"created":"Publi\u00e9 le 1 d\u00e9cembre 2021 13h31","modified":"Mise \u00e0 jour le 8 f\u00e9vrier 2025 9h36"},"featured_img_caption":"","series_order":"","_links":{"self":[{"href":"https:\/\/voilierkribi.fr\/index.php\/wp-json\/wp\/v2\/posts\/5","targetHints":{"allow":["GET"]}}],"collection":[{"href":"https:\/\/voilierkribi.fr\/index.php\/wp-json\/wp\/v2\/posts"}],"about":[{"href":"https:\/\/voilierkribi.fr\/index.php\/wp-json\/wp\/v2\/types\/post"}],"author":[{"embeddable":true,"href":"https:\/\/voilierkribi.fr\/index.php\/wp-json\/wp\/v2\/users\/1"}],"replies":[{"embeddable":true,"href":"https:\/\/voilierkribi.fr\/index.php\/wp-json\/wp\/v2\/comments?post=5"}],"version-history":[{"count":58,"href":"https:\/\/voilierkribi.fr\/index.php\/wp-json\/wp\/v2\/posts\/5\/revisions"}],"predecessor-version":[{"id":1728,"href":"https:\/\/voilierkribi.fr\/index.php\/wp-json\/wp\/v2\/posts\/5\/revisions\/1728"}],"wp:featuredmedia":[{"embeddable":true,"href":"https:\/\/voilierkribi.fr\/index.php\/wp-json\/wp\/v2\/media\/1613"}],"wp:attachment":[{"href":"https:\/\/voilierkribi.fr\/index.php\/wp-json\/wp\/v2\/media?parent=5"}],"wp:term":[{"taxonomy":"category","embeddable":true,"href":"https:\/\/voilierkribi.fr\/index.php\/wp-json\/wp\/v2\/categories?post=5"},{"taxonomy":"post_tag","embeddable":true,"href":"https:\/\/voilierkribi.fr\/index.php\/wp-json\/wp\/v2\/tags?post=5"}],"curies":[{"name":"wp","href":"https:\/\/api.w.org\/{rel}","templated":true}]}}